{"id":23591,"date":"2021-06-09T18:18:59","date_gmt":"2021-06-09T21:18:59","guid":{"rendered":"http:\/\/www.centraldenoticias.com.ar\/?p=23591"},"modified":"2021-06-09T21:41:25","modified_gmt":"2021-06-10T00:41:25","slug":"historico-secuestro-de-cocaina-convocan-a-una-nueva-conferencia-de-prensa","status":"publish","type":"post","link":"https:\/\/cdnoticias.com\/index.php\/2021\/06\/09\/historico-secuestro-de-cocaina-convocan-a-una-nueva-conferencia-de-prensa\/","title":{"rendered":"Hist\u00f3rico secuestro de coca\u00edna: Convocan a una nueva conferencia de prensa"},"content":{"rendered":"<p>La llamativa convocatoria a rueda de prensa fue realizada desde el Municipio, y no por autoridades judiciales. Se llevar\u00e1 a cabo en el Palacio Municipal. <strong>Una persona fue detenida en las \u00faltimas horas<\/strong>.\u00a0<!--more--><\/p>\n<hr \/>\n<p><strong>Desde el Ejecutivo local se convoc\u00f3 a una conferencia de prensa para el cierre de la tarde de este mi\u00e9rcoles<\/strong>. La particularidad es que, seg\u00fan se anticip\u00f3, el tema que se abordar\u00e1 ser\u00e1 el <a href=\"https:\/\/cdnoticias.com\/index.php\/2021\/06\/07\/es-el-secuestro-de-cocaina-mas-importante-de-la-historia-de-olavarria\/\" target=\"_blank\" rel=\"noopener\">hist\u00f3rico hallazgo de coca\u00edna realizado d\u00edas atr\u00e1s en un complejo de cocheras en la zona del barrio UTA.<\/a><\/p>\n<p>&nbsp;<\/p>\n<p>Inclusive, esa situaci\u00f3n ya fue motivo de <a href=\"https:\/\/cdnoticias.com\/index.php\/2021\/06\/08\/el-valor-de-lo-incautado-es-de-alrededor-de-30-millones-de-pesos\/\" target=\"_blank\" rel=\"noopener\">una rueda de prensa que tuvo como escenario la Estaci\u00f3n de Polic\u00eda Departamental<\/a>, donde pudo verse al intendente Ezequiel Galli y referentes del \u00e1mbito de la Justicia y Polic\u00eda Bonaerense, tanto local como regional.<\/p>\n<p>&nbsp;<\/p>\n<p><img data-recalc-dims=\"1\" loading=\"lazy\" decoding=\"async\" class=\"alignnone size-large wp-image-23487\" src=\"https:\/\/i0.wp.com\/cdnoticias.com\/wp-content\/uploads\/2021\/06\/WhatsApp-Image-2021-06-08-at-17.15.45-1.jpeg?resize=800%2C534&#038;ssl=1\" alt=\"\" width=\"800\" height=\"534\" srcset=\"https:\/\/i0.wp.com\/cdnoticias.com\/wp-content\/uploads\/2021\/06\/WhatsApp-Image-2021-06-08-at-17.15.45-1.jpeg?resize=1024%2C683&amp;ssl=1 1024w, https:\/\/i0.wp.com\/cdnoticias.com\/wp-content\/uploads\/2021\/06\/WhatsApp-Image-2021-06-08-at-17.15.45-1.jpeg?resize=300%2C200&amp;ssl=1 300w, https:\/\/i0.wp.com\/cdnoticias.com\/wp-content\/uploads\/2021\/06\/WhatsApp-Image-2021-06-08-at-17.15.45-1.jpeg?resize=768%2C512&amp;ssl=1 768w, https:\/\/i0.wp.com\/cdnoticias.com\/wp-content\/uploads\/2021\/06\/WhatsApp-Image-2021-06-08-at-17.15.45-1.jpeg?resize=272%2C182&amp;ssl=1 272w, https:\/\/i0.wp.com\/cdnoticias.com\/wp-content\/uploads\/2021\/06\/WhatsApp-Image-2021-06-08-at-17.15.45-1.jpeg?w=1152&amp;ssl=1 1152w\" sizes=\"auto, (max-width: 800px) 100vw, 800px\" \/><\/p>\n<p>&nbsp;<\/p>\n<p>A la par, la convocatoria a conferencia de prensa fue realizada, precisamente, desde el \u00e1mbito municipal y<strong> todo ser\u00e1 desde las 20 en el Sal\u00f3n Blanco del Palacio Municipal.<\/strong><\/p>\n<p>&nbsp;<\/p>\n<p>Si bien se evit\u00f3 arrojar mayores precisiones, las fuentes consultadas dieron cuenta de <strong>importantes avances en las pesquisas, inclusive trascendi\u00f3 la captura de una persona. <\/strong>Ser\u00e1 transmitida a trav\u00e9s de nuestras redes sociales.<\/p>\n","protected":false},"excerpt":{"rendered":"<p>La llamativa convocatoria a rueda de prensa fue realizada desde el Municipio, y no por autoridades judiciales. Se llevar\u00e1 a<\/p>\n","protected":false},"author":3,"featured_media":23485,"comment_status":"closed","ping_status":"closed","sticky":false,"template":"","format":"standard","meta":{"_jetpack_memberships_contains_paid_content":false,"footnotes":""},"categories":[14],"tags":[],"class_list":["post-23591","post","type-post","status-publish","format-standard","has-post-thumbnail","hentry","category-policiales"],"jetpack_featured_media_url":"https:\/\/i0.wp.com\/cdnoticias.com\/wp-content\/uploads\/2021\/06\/WhatsApp-Image-2021-06-08-at-17.15.46-e1623186360174.jpeg?fit=1149%2C639&ssl=1","jetpack_sharing_enabled":true,"_links":{"self":[{"href":"https:\/\/cdnoticias.com\/index.php\/wp-json\/wp\/v2\/posts\/23591","targetHints":{"allow":["GET"]}}],"collection":[{"href":"https:\/\/cdnoticias.com\/index.php\/wp-json\/wp\/v2\/posts"}],"about":[{"href":"https:\/\/cdnoticias.com\/index.php\/wp-json\/wp\/v2\/types\/post"}],"author":[{"embeddable":true,"href":"https:\/\/cdnoticias.com\/index.php\/wp-json\/wp\/v2\/users\/3"}],"replies":[{"embeddable":true,"href":"https:\/\/cdnoticias.com\/index.php\/wp-json\/wp\/v2\/comments?post=23591"}],"version-history":[{"count":0,"href":"https:\/\/cdnoticias.com\/index.php\/wp-json\/wp\/v2\/posts\/23591\/revisions"}],"wp:featuredmedia":[{"embeddable":true,"href":"https:\/\/cdnoticias.com\/index.php\/wp-json\/wp\/v2\/media\/23485"}],"wp:attachment":[{"href":"https:\/\/cdnoticias.com\/index.php\/wp-json\/wp\/v2\/media?parent=23591"}],"wp:term":[{"taxonomy":"category","embeddable":true,"href":"https:\/\/cdnoticias.com\/index.php\/wp-json\/wp\/v2\/categories?post=23591"},{"taxonomy":"post_tag","embeddable":true,"href":"https:\/\/cdnoticias.com\/index.php\/wp-json\/wp\/v2\/tags?post=23591"}],"curies":[{"name":"wp","href":"https:\/\/api.w.org\/{rel}","templated":true}]}}