{"id":23578,"date":"2021-06-09T16:00:31","date_gmt":"2021-06-09T19:00:31","guid":{"rendered":"http:\/\/www.centraldenoticias.com.ar\/?p=23578"},"modified":"2021-06-09T16:00:31","modified_gmt":"2021-06-09T19:00:31","slug":"hoy-se-cumplen-16-meses-sin-enzo-16-meses-de-lucha","status":"publish","type":"post","link":"https:\/\/cdnoticias.com\/index.php\/2021\/06\/09\/hoy-se-cumplen-16-meses-sin-enzo-16-meses-de-lucha\/","title":{"rendered":"\u201cHoy se cumplen 16 meses sin Enzo, 16 meses de lucha\u201d"},"content":{"rendered":"<p>Yesica Salguero, la madre de Enzo Marconi, divulg\u00f3 un video pidiendo que el caso de su hijo no sea olvidado. \u201c16 meses pidiendo justicia\u201d, enfatiz\u00f3.<!--more--><\/p>\n<hr \/>\n<p>En la jornada de este mi\u00e9rcoles se cumple un mes m\u00e1s de la muerte de Enzo Marconi, el adolescente olavarriense que muri\u00f3 tras ser alcanzado por un disparo cuando se encontraba junto un grupo de j\u00f3venes en el interior de un departamento del barrio Jard\u00edn. Con motivo de la fecha su madre, <strong>Yesica Salguero, divulg\u00f3 un video pidiendo no solo justicia y una condena al \u00fanico acusado, sino que adem\u00e1s se mantenga presente el caso y recuerdo de su hijo<\/strong>.<\/p>\n<p>&nbsp;<\/p>\n<p><strong>\u201cLlenos de dolor pero m\u00e1s fuertes que nunca\u201d<\/strong>, enfatiz\u00f3 Salguero en el video comparti\u00f3 a trav\u00e9s de las redes sociales. \u201cHoy se cumplen 16 meses sin Enzo, 16 meses de lucha, 16 pidiendo justicia\u201d, enfatiz\u00f3 la mujer que desde hace ya un tiempo no reside m\u00e1s en Olavarr\u00eda. Seg\u00fan explic\u00f3 meses atr\u00e1s,<strong> debi\u00f3 de la ciudad irse ante el asedio y amenazas por parte del acusado y personas de su entorno.<\/strong><\/p>\n<p>&nbsp;<\/p>\n<div class=\"jetpack-video-wrapper\"><iframe loading=\"lazy\" width=\"800\" height=\"450\" src=\"https:\/\/www.youtube.com\/embed\/48P1NRzQ2ZM?feature=oembed\" frameborder=\"0\" allow=\"accelerometer; autoplay; clipboard-write; encrypted-media; gyroscope; picture-in-picture\" allowfullscreen><\/iframe><\/div>\n<p>&nbsp;<\/p>\n<p>En el video tambi\u00e9n volvi\u00f3 a pedir un cambio en el encuadre de las actuaciones, que actualmente est\u00e1n tipificadas como \u201chomicidio culposo\u201d. <strong>\u201cExigimos que cambie homicidio doloso\u201d<\/strong>, agreg\u00f3 a medida que daba cuenta que junto a un abogado particular ya son parte querellante en la causa que es liderada desde la UFI 4, de la doctora Mar\u00eda Paula Serrano.<\/p>\n<p>&nbsp;<\/p>\n<p><strong>\u201cVamos a seguir peleando. No lo olviden, el sigue esperando justicia\u201d<\/strong>, concluy\u00f3.<\/p>\n","protected":false},"excerpt":{"rendered":"<p>Yesica Salguero, la madre de Enzo Marconi, divulg\u00f3 un video pidiendo que el caso de su hijo no sea olvidado.<\/p>\n","protected":false},"author":3,"featured_media":23579,"comment_status":"closed","ping_status":"closed","sticky":false,"template":"","format":"standard","meta":{"_jetpack_memberships_contains_paid_content":false,"footnotes":""},"categories":[14,1],"tags":[],"class_list":["post-23578","post","type-post","status-publish","format-standard","has-post-thumbnail","hentry","category-policiales","category-portada"],"jetpack_featured_media_url":"https:\/\/i0.wp.com\/cdnoticias.com\/wp-content\/uploads\/2021\/06\/yesica-salguero.jpg?fit=800%2C445&ssl=1","jetpack_sharing_enabled":true,"_links":{"self":[{"href":"https:\/\/cdnoticias.com\/index.php\/wp-json\/wp\/v2\/posts\/23578","targetHints":{"allow":["GET"]}}],"collection":[{"href":"https:\/\/cdnoticias.com\/index.php\/wp-json\/wp\/v2\/posts"}],"about":[{"href":"https:\/\/cdnoticias.com\/index.php\/wp-json\/wp\/v2\/types\/post"}],"author":[{"embeddable":true,"href":"https:\/\/cdnoticias.com\/index.php\/wp-json\/wp\/v2\/users\/3"}],"replies":[{"embeddable":true,"href":"https:\/\/cdnoticias.com\/index.php\/wp-json\/wp\/v2\/comments?post=23578"}],"version-history":[{"count":0,"href":"https:\/\/cdnoticias.com\/index.php\/wp-json\/wp\/v2\/posts\/23578\/revisions"}],"wp:featuredmedia":[{"embeddable":true,"href":"https:\/\/cdnoticias.com\/index.php\/wp-json\/wp\/v2\/media\/23579"}],"wp:attachment":[{"href":"https:\/\/cdnoticias.com\/index.php\/wp-json\/wp\/v2\/media?parent=23578"}],"wp:term":[{"taxonomy":"category","embeddable":true,"href":"https:\/\/cdnoticias.com\/index.php\/wp-json\/wp\/v2\/categories?post=23578"},{"taxonomy":"post_tag","embeddable":true,"href":"https:\/\/cdnoticias.com\/index.php\/wp-json\/wp\/v2\/tags?post=23578"}],"curies":[{"name":"wp","href":"https:\/\/api.w.org\/{rel}","templated":true}]}}