{"id":23568,"date":"2021-06-09T14:06:44","date_gmt":"2021-06-09T17:06:44","guid":{"rendered":"http:\/\/www.centraldenoticias.com.ar\/?p=23568"},"modified":"2021-06-09T14:06:44","modified_gmt":"2021-06-09T17:06:44","slug":"este-jueves-llegara-el-tren-sanitario-provincial-a-hinojo","status":"publish","type":"post","link":"https:\/\/cdnoticias.com\/index.php\/2021\/06\/09\/este-jueves-llegara-el-tren-sanitario-provincial-a-hinojo\/","title":{"rendered":"Este jueves llegar\u00e1 el Tren Sanitario provincial a Hinojo"},"content":{"rendered":"<p>Atender\u00e1 de 9 a 16 horas. Se realizar\u00e1n hisopados, vacunaci\u00f3n de calendario, asesoramiento sobre vacunaci\u00f3n Covid, controles, y prevenci\u00f3n y promoci\u00f3n de la salud.<!--more--><\/p>\n<hr \/>\n<p>El<a href=\"https:\/\/cdnoticias.com\/index.php\/2021\/05\/27\/el-tren-sanitario-de-provincia-pasara-por-hinojo-y-olavarria\/\" target=\"_blank\" rel=\"noopener\"> Tren Sanitario<\/a> que puso en marcha el Gobierno de la provincia y el ministerio de Transporte de la Naci\u00f3n recorre distintas localidades bonaerenses para <strong>acercar y garantizar un mayor acceso a los servicios sanitarios<\/strong>.<\/p>\n<p>&nbsp;<\/p>\n<blockquote><p>Este jueves 10 y el viernes 11 de junio estar\u00e1 en Hinojo y el 12, 13, 14 y 15 en Olavarr\u00eda atendiendo a los vecinos y vecinas que se acerquen.<\/p><\/blockquote>\n<p>&nbsp;<\/p>\n<p>En las distintas paradas se llevar\u00e1n adelante las siguientes acciones:<strong> testeo y diagn\u00f3stico de covid-19, vacunaci\u00f3n de calendario, controles\/atenci\u00f3n, inscripci\u00f3n a la vacunaci\u00f3n y actividades preventivas promocionales de la salud<\/strong>.<\/p>\n<p>&nbsp;<\/p>\n<p>Se adelant\u00f3 desde la Regi\u00f3n Sanitaria IX que<strong> adem\u00e1s estar\u00e1n presentes de los organismos PAMI y ANSES<\/strong>, atendiendo diferentes consultas de 9 a 13 horas.<\/p>\n<p>&nbsp;<\/p>\n<p>El proyecto \u201cTren Sanitario\u201d tiene por objetivo acercar a las comunidades de la Provincia de Buenos Aires acciones sanitarias. Esta estrategia se propone como una<strong> instancia de encuentro entre la comunidad y el equipo del tren<\/strong> sanitario caracterizada por la escucha atenta, el di\u00e1logo, el intercambio de saberes construyendo as\u00ed salud comunitaria.<\/p>\n","protected":false},"excerpt":{"rendered":"<p>Atender\u00e1 de 9 a 16 horas. Se realizar\u00e1n hisopados, vacunaci\u00f3n de calendario, asesoramiento sobre vacunaci\u00f3n Covid, controles, y prevenci\u00f3n y<\/p>\n","protected":false},"author":4,"featured_media":23569,"comment_status":"closed","ping_status":"closed","sticky":false,"template":"","format":"standard","meta":{"_jetpack_memberships_contains_paid_content":false,"footnotes":""},"categories":[5,1],"tags":[],"class_list":["post-23568","post","type-post","status-publish","format-standard","has-post-thumbnail","hentry","category-informacion-general","category-portada"],"jetpack_featured_media_url":"https:\/\/i0.wp.com\/cdnoticias.com\/wp-content\/uploads\/2021\/06\/tren-sanitario.jpg?fit=800%2C445&ssl=1","jetpack_sharing_enabled":true,"_links":{"self":[{"href":"https:\/\/cdnoticias.com\/index.php\/wp-json\/wp\/v2\/posts\/23568","targetHints":{"allow":["GET"]}}],"collection":[{"href":"https:\/\/cdnoticias.com\/index.php\/wp-json\/wp\/v2\/posts"}],"about":[{"href":"https:\/\/cdnoticias.com\/index.php\/wp-json\/wp\/v2\/types\/post"}],"author":[{"embeddable":true,"href":"https:\/\/cdnoticias.com\/index.php\/wp-json\/wp\/v2\/users\/4"}],"replies":[{"embeddable":true,"href":"https:\/\/cdnoticias.com\/index.php\/wp-json\/wp\/v2\/comments?post=23568"}],"version-history":[{"count":0,"href":"https:\/\/cdnoticias.com\/index.php\/wp-json\/wp\/v2\/posts\/23568\/revisions"}],"wp:featuredmedia":[{"embeddable":true,"href":"https:\/\/cdnoticias.com\/index.php\/wp-json\/wp\/v2\/media\/23569"}],"wp:attachment":[{"href":"https:\/\/cdnoticias.com\/index.php\/wp-json\/wp\/v2\/media?parent=23568"}],"wp:term":[{"taxonomy":"category","embeddable":true,"href":"https:\/\/cdnoticias.com\/index.php\/wp-json\/wp\/v2\/categories?post=23568"},{"taxonomy":"post_tag","embeddable":true,"href":"https:\/\/cdnoticias.com\/index.php\/wp-json\/wp\/v2\/tags?post=23568"}],"curies":[{"name":"wp","href":"https:\/\/api.w.org\/{rel}","templated":true}]}}