{"id":23560,"date":"2021-06-09T17:21:19","date_gmt":"2021-06-09T20:21:19","guid":{"rendered":"http:\/\/www.centraldenoticias.com.ar\/?p=23560"},"modified":"2021-06-09T17:21:33","modified_gmt":"2021-06-09T20:21:33","slug":"cuando-se-comparte-contenido-sexual-infantil-en-la-vida-real-un-menor-esta-siendo-abusado","status":"publish","type":"post","link":"https:\/\/cdnoticias.com\/index.php\/2021\/06\/09\/cuando-se-comparte-contenido-sexual-infantil-en-la-vida-real-un-menor-esta-siendo-abusado\/","title":{"rendered":"\u201cCuando se comparte contenido sexual infantil, en la vida real un menor est\u00e1 siendo abusado\u201d"},"content":{"rendered":"<p>El Fiscal General Marcelo Sobrino y el titular de la UFI N.\u00ba 22, Lucas Moyano, dieron detalles del mega operativo internacional por distribuci\u00f3n de material de explotaci\u00f3n sexual infantil. Hubo allanamientos en siete pa\u00edses. En Olavarr\u00eda, hay un aprehendido.\u00a0<!--more--><\/p>\n<hr \/>\n<p>Tras el <a href=\"https:\/\/cdnoticias.com\/index.php\/2021\/06\/09\/ahora-mega-operativo-internacional-por-distribucion-de-material-de-explotacion-sexual-infantil\/\" target=\"_blank\" rel=\"noopener\">importante allanamiento simult\u00e1neo internacional por una causa de distribuci\u00f3n de material de explotaci\u00f3n sexual infantil<\/a>, <strong>el Fiscal General Marcelo Sobrino y el titular de la UFI N.\u00ba 22, Lucas Moyano, encabezaron una conferencia de prensa<\/strong> en la cual dieron detalles del trabajo realizado y los resultados hasta el momento:<strong> hay una persona aprehendida y se encontraron \u201celementos de inter\u00e9s para la causa\u201d.<\/strong><\/p>\n<p>&nbsp;<\/p>\n<p><img data-recalc-dims=\"1\" loading=\"lazy\" decoding=\"async\" class=\"alignnone size-large wp-image-23555\" src=\"https:\/\/i0.wp.com\/cdnoticias.com\/wp-content\/uploads\/2021\/06\/WhatsApp-Image-2021-06-09-at-12.33.02.jpeg?resize=800%2C400&#038;ssl=1\" alt=\"\" width=\"800\" height=\"400\" \/><\/p>\n<p>&nbsp;<\/p>\n<p>Sobrino destac\u00f3 el trabajo realizado en el operativo \u201cLuz de Infancia VIII\u201d en la cual hubo<strong> participaci\u00f3n de fuerzas de seguridad de Estados Unidos, Colombia, Panam\u00e1, Ecuador, Paraguay, Brasil, Argentina entre otros pa\u00edses, y dentro de Argentina cerca de una decena de Provincias.<\/strong><\/p>\n<p>&nbsp;<\/p>\n<blockquote><p>Dentro del territorio bonaerense fueron 25 procedimientos, varios de ellos en el conurbano, y 3 en Olavarr\u00eda.<\/p><\/blockquote>\n<p>&nbsp;<\/p>\n<p><img data-recalc-dims=\"1\" loading=\"lazy\" decoding=\"async\" class=\"alignnone size-large wp-image-23558\" src=\"https:\/\/i0.wp.com\/cdnoticias.com\/wp-content\/uploads\/2021\/06\/WhatsApp-Image-2021-06-09-at-12.30.47.jpeg?resize=800%2C400&#038;ssl=1\" alt=\"\" width=\"800\" height=\"400\" srcset=\"https:\/\/i0.wp.com\/cdnoticias.com\/wp-content\/uploads\/2021\/06\/WhatsApp-Image-2021-06-09-at-12.30.47.jpeg?resize=1024%2C512&amp;ssl=1 1024w, https:\/\/i0.wp.com\/cdnoticias.com\/wp-content\/uploads\/2021\/06\/WhatsApp-Image-2021-06-09-at-12.30.47.jpeg?resize=300%2C150&amp;ssl=1 300w, https:\/\/i0.wp.com\/cdnoticias.com\/wp-content\/uploads\/2021\/06\/WhatsApp-Image-2021-06-09-at-12.30.47.jpeg?resize=768%2C384&amp;ssl=1 768w, https:\/\/i0.wp.com\/cdnoticias.com\/wp-content\/uploads\/2021\/06\/WhatsApp-Image-2021-06-09-at-12.30.47.jpeg?w=1280&amp;ssl=1 1280w\" sizes=\"auto, (max-width: 800px) 100vw, 800px\" \/><\/p>\n<p>&nbsp;<\/p>\n<p><em>\u201cLas tareas de seguimiento por IP dieron con tres domicilios de Olavarr\u00eda. Entre lo secuestrado, hay varias computadoras que se les realizar\u00e1n tareas de peritaje el pr\u00f3ximo mes, esto ya est\u00e1 estipulado\u201d<\/em> explicaron.<\/p>\n<p>&nbsp;<\/p>\n<blockquote><p>Confirmaron que no hay detenidos, s\u00ed un aprehendido. El fiscal Moyano resalt\u00f3 el trabajo en conjunto de las fuerzas policiales \u201csecuestrando elementos de inter\u00e9s para la causa\u201d.<\/p><\/blockquote>\n<p>&nbsp;<\/p>\n<p>Justamente, estas tareas de peritaje buscar\u00e1n<strong><em> \u201cacreditar que dentro de los lugares y equipos determinados de la autor\u00eda se encuentre el material en concreto. En base a eso poder continuar con las tareas investigativas y determinar la responsabilidad\u201d.<\/em><\/strong><\/p>\n<p>&nbsp;<\/p>\n<p><img data-recalc-dims=\"1\" loading=\"lazy\" decoding=\"async\" class=\"alignnone size-large wp-image-23559\" src=\"https:\/\/i0.wp.com\/cdnoticias.com\/wp-content\/uploads\/2021\/06\/WhatsApp-Image-2021-06-09-at-12.30.48.jpeg?resize=800%2C400&#038;ssl=1\" alt=\"\" width=\"800\" height=\"400\" srcset=\"https:\/\/i0.wp.com\/cdnoticias.com\/wp-content\/uploads\/2021\/06\/WhatsApp-Image-2021-06-09-at-12.30.48.jpeg?resize=1024%2C512&amp;ssl=1 1024w, https:\/\/i0.wp.com\/cdnoticias.com\/wp-content\/uploads\/2021\/06\/WhatsApp-Image-2021-06-09-at-12.30.48.jpeg?resize=300%2C150&amp;ssl=1 300w, https:\/\/i0.wp.com\/cdnoticias.com\/wp-content\/uploads\/2021\/06\/WhatsApp-Image-2021-06-09-at-12.30.48.jpeg?resize=768%2C384&amp;ssl=1 768w, https:\/\/i0.wp.com\/cdnoticias.com\/wp-content\/uploads\/2021\/06\/WhatsApp-Image-2021-06-09-at-12.30.48.jpeg?w=1280&amp;ssl=1 1280w\" sizes=\"auto, (max-width: 800px) 100vw, 800px\" \/><\/p>\n<p>&nbsp;<\/p>\n<p>Moyano valor\u00f3 el trabajo realizado y se\u00f1al\u00f3 que <em>\u201ces una satisfacci\u00f3n llegar al menos a estos allanamientos para luego determinar las autor\u00edas\u201d.<\/em><\/p>\n<p>&nbsp;<\/p>\n<blockquote><p>Adem\u00e1s, dej\u00f3 en claro que \u201ccuando se comparte una imagen de contenido sexual infantil en la vida real un menor est\u00e1 siendo abusado\u201d.<\/p><\/blockquote>\n<p>&nbsp;<\/p>\n<p>En materia t\u00e9cnica, Moyano explic\u00f3 que<strong> se trata de programas \u201cpeer to peer\u201d que<em> \u201cb\u00e1sicamente es una red de usuarios que se comparten y se descargan informaci\u00f3n\u201d.<\/em><\/strong> Si bien los IP locales est\u00e1n identificados como usuarios que \u201ccompart\u00edan y bajaban im\u00e1genes\u201d Moyano aclar\u00f3 que<strong><em> \u201cno puedo acreditar que se produzcan en Olavarr\u00eda\u201d<\/em> por este caso puntual.<\/strong><\/p>\n","protected":false},"excerpt":{"rendered":"<p>El Fiscal General Marcelo Sobrino y el titular de la UFI N.\u00ba 22, Lucas Moyano, dieron detalles del mega operativo<\/p>\n","protected":false},"author":2,"featured_media":23554,"comment_status":"closed","ping_status":"closed","sticky":false,"template":"","format":"standard","meta":{"_jetpack_memberships_contains_paid_content":false,"footnotes":""},"categories":[14,1],"tags":[],"class_list":["post-23560","post","type-post","status-publish","format-standard","has-post-thumbnail","hentry","category-policiales","category-portada"],"jetpack_featured_media_url":"https:\/\/i0.wp.com\/cdnoticias.com\/wp-content\/uploads\/2021\/06\/WhatsApp-Image-2021-06-09-at-12.33.01.jpeg?fit=1280%2C640&ssl=1","jetpack_sharing_enabled":true,"_links":{"self":[{"href":"https:\/\/cdnoticias.com\/index.php\/wp-json\/wp\/v2\/posts\/23560","targetHints":{"allow":["GET"]}}],"collection":[{"href":"https:\/\/cdnoticias.com\/index.php\/wp-json\/wp\/v2\/posts"}],"about":[{"href":"https:\/\/cdnoticias.com\/index.php\/wp-json\/wp\/v2\/types\/post"}],"author":[{"embeddable":true,"href":"https:\/\/cdnoticias.com\/index.php\/wp-json\/wp\/v2\/users\/2"}],"replies":[{"embeddable":true,"href":"https:\/\/cdnoticias.com\/index.php\/wp-json\/wp\/v2\/comments?post=23560"}],"version-history":[{"count":0,"href":"https:\/\/cdnoticias.com\/index.php\/wp-json\/wp\/v2\/posts\/23560\/revisions"}],"wp:featuredmedia":[{"embeddable":true,"href":"https:\/\/cdnoticias.com\/index.php\/wp-json\/wp\/v2\/media\/23554"}],"wp:attachment":[{"href":"https:\/\/cdnoticias.com\/index.php\/wp-json\/wp\/v2\/media?parent=23560"}],"wp:term":[{"taxonomy":"category","embeddable":true,"href":"https:\/\/cdnoticias.com\/index.php\/wp-json\/wp\/v2\/categories?post=23560"},{"taxonomy":"post_tag","embeddable":true,"href":"https:\/\/cdnoticias.com\/index.php\/wp-json\/wp\/v2\/tags?post=23560"}],"curies":[{"name":"wp","href":"https:\/\/api.w.org\/{rel}","templated":true}]}}