{"id":23509,"date":"2021-06-09T08:17:32","date_gmt":"2021-06-09T11:17:32","guid":{"rendered":"http:\/\/www.centraldenoticias.com.ar\/?p=23509"},"modified":"2021-06-09T08:17:32","modified_gmt":"2021-06-09T11:17:32","slug":"leonardo-gregorio-godofredo-bocha-q-e-p-d","status":"publish","type":"post","link":"https:\/\/cdnoticias.com\/index.php\/2021\/06\/09\/leonardo-gregorio-godofredo-bocha-q-e-p-d\/","title":{"rendered":"Leonardo Gregorio Godofredo &#8221;Bocha&#8221; (Q.E.P.D.)"},"content":{"rendered":"<p>Falleci\u00f3 en Olavarr\u00eda el d\u00eda 8 de junio de 2021 a los 76 a\u00f1os de edad.<\/p>\n<p>&nbsp;<\/p>\n<p>Velatorio: Sala de Espa\u00f1a 2942 departamento &#8221;C&#8221; a partir de las 14:30. Inhumaci\u00f3n: Cementerio Loma de Paz, mi\u00e9rcoles 9 a las 16:30. Servicio adherido a Coopelectric.<\/p>\n","protected":false},"excerpt":{"rendered":"<p>Falleci\u00f3 en Olavarr\u00eda el d\u00eda 8 de junio de 2021 a los 76 a\u00f1os de edad. &nbsp; Velatorio: Sala de<\/p>\n","protected":false},"author":4,"featured_media":0,"comment_status":"closed","ping_status":"closed","sticky":false,"template":"","format":"standard","meta":{"_jetpack_memberships_contains_paid_content":false,"footnotes":""},"categories":[10],"tags":[],"class_list":["post-23509","post","type-post","status-publish","format-standard","hentry","category-necrologicas"],"jetpack_featured_media_url":"","jetpack_sharing_enabled":true,"_links":{"self":[{"href":"https:\/\/cdnoticias.com\/index.php\/wp-json\/wp\/v2\/posts\/23509","targetHints":{"allow":["GET"]}}],"collection":[{"href":"https:\/\/cdnoticias.com\/index.php\/wp-json\/wp\/v2\/posts"}],"about":[{"href":"https:\/\/cdnoticias.com\/index.php\/wp-json\/wp\/v2\/types\/post"}],"author":[{"embeddable":true,"href":"https:\/\/cdnoticias.com\/index.php\/wp-json\/wp\/v2\/users\/4"}],"replies":[{"embeddable":true,"href":"https:\/\/cdnoticias.com\/index.php\/wp-json\/wp\/v2\/comments?post=23509"}],"version-history":[{"count":0,"href":"https:\/\/cdnoticias.com\/index.php\/wp-json\/wp\/v2\/posts\/23509\/revisions"}],"wp:attachment":[{"href":"https:\/\/cdnoticias.com\/index.php\/wp-json\/wp\/v2\/media?parent=23509"}],"wp:term":[{"taxonomy":"category","embeddable":true,"href":"https:\/\/cdnoticias.com\/index.php\/wp-json\/wp\/v2\/categories?post=23509"},{"taxonomy":"post_tag","embeddable":true,"href":"https:\/\/cdnoticias.com\/index.php\/wp-json\/wp\/v2\/tags?post=23509"}],"curies":[{"name":"wp","href":"https:\/\/api.w.org\/{rel}","templated":true}]}}