{"id":23483,"date":"2021-06-08T18:07:06","date_gmt":"2021-06-08T21:07:06","guid":{"rendered":"http:\/\/www.centraldenoticias.com.ar\/?p=23483"},"modified":"2021-06-08T18:54:09","modified_gmt":"2021-06-08T21:54:09","slug":"el-valor-de-lo-incautado-es-de-alrededor-de-30-millones-de-pesos","status":"publish","type":"post","link":"https:\/\/cdnoticias.com\/index.php\/2021\/06\/08\/el-valor-de-lo-incautado-es-de-alrededor-de-30-millones-de-pesos\/","title":{"rendered":"\u201cEl valor de lo incautado es de alrededor de 30 millones de pesos\u201d"},"content":{"rendered":"<p>As\u00ed fue revelado por el fiscal General del Departamento Judicial de Azul, Marcelo Sobrino, quien lider\u00f3 una conferencia de prensa en el marco del hallazgo de coca\u00edna en el barrio UTA.<!--more--><\/p>\n<hr \/>\n<p>En la tarde de este lunes se llev\u00f3 a cabo en la Estaci\u00f3n de Polic\u00eda Departamental Olavarr\u00eda una conferencia de prensa en la que se brindaron algunos detalles m\u00e1s sobre el <a href=\"https:\/\/cdnoticias.com\/index.php\/2021\/06\/07\/es-el-secuestro-de-cocaina-mas-importante-de-la-historia-de-olavarria\/\" target=\"_blank\" rel=\"noopener\">hist\u00f3rico hallazgo de coca\u00edna en el interior de una cochera del barrio UTA<\/a>. <strong>La rueda de prensa fue encabezada por el Fiscal General Marcelo Sobrino, junto al fiscal de la causa, el doctor Lucas Moyano, y el intendente municipal Ezequiel Galli<\/strong>. En la ocasi\u00f3n pudo verse tambi\u00e9n a referentes de la c\u00fapula de seguridad local, tanto municipal como policial.<\/p>\n<p>&nbsp;<\/p>\n<p><img data-recalc-dims=\"1\" loading=\"lazy\" decoding=\"async\" class=\"alignnone size-large wp-image-23484\" src=\"https:\/\/i0.wp.com\/cdnoticias.com\/wp-content\/uploads\/2021\/06\/WhatsApp-Image-2021-06-08-at-17.15.47.jpeg?resize=800%2C534&#038;ssl=1\" alt=\"\" width=\"800\" height=\"534\" srcset=\"https:\/\/i0.wp.com\/cdnoticias.com\/wp-content\/uploads\/2021\/06\/WhatsApp-Image-2021-06-08-at-17.15.47.jpeg?resize=1024%2C683&amp;ssl=1 1024w, https:\/\/i0.wp.com\/cdnoticias.com\/wp-content\/uploads\/2021\/06\/WhatsApp-Image-2021-06-08-at-17.15.47.jpeg?resize=300%2C200&amp;ssl=1 300w, https:\/\/i0.wp.com\/cdnoticias.com\/wp-content\/uploads\/2021\/06\/WhatsApp-Image-2021-06-08-at-17.15.47.jpeg?resize=768%2C512&amp;ssl=1 768w, https:\/\/i0.wp.com\/cdnoticias.com\/wp-content\/uploads\/2021\/06\/WhatsApp-Image-2021-06-08-at-17.15.47.jpeg?resize=272%2C182&amp;ssl=1 272w, https:\/\/i0.wp.com\/cdnoticias.com\/wp-content\/uploads\/2021\/06\/WhatsApp-Image-2021-06-08-at-17.15.47.jpeg?w=1152&amp;ssl=1 1152w\" sizes=\"auto, (max-width: 800px) 100vw, 800px\" \/><\/p>\n<p>&nbsp;<\/p>\n<p>\u201cEs un operativo muy importante. Nos dicen desde la Provincia que en el \u00faltimo tiempo es el m\u00e1s importante de incautaci\u00f3n de coca\u00edna. Se han incautado m\u00e1s de siete kilos de coca\u00edna, algunos en panes y otros fraccionados.<strong> El valor de lo incautado es de alrededor de 30 millones de pesos y sabemos que es coca\u00edna de la m\u00e1s alta pureza por los estudios preliminares que tenemos\u201d<\/strong>, se\u00f1al\u00f3 el funcionario judicial azule\u00f1o ante los medios presentes.<\/p>\n<p>&nbsp;<\/p>\n<p>En ese marco enfatiz\u00f3 que<strong> \u201cqueremos agradecer a la poblaci\u00f3n porque es un procedimiento que se pudo dar porque la misma poblaci\u00f3n est\u00e1 teniendo confianza en nosotros<\/strong>. La situaci\u00f3n no ha sido de las habituales, donde hay procedimientos, seguimientos, sino que a trav\u00e9s de una situaci\u00f3n que se dio en unas cocheras al encontrar elementos extra\u00f1os, armas y dem\u00e1s, ponen en comunicaci\u00f3n a la fiscal\u00eda a los efectos que se realicen todas las medidas\u201d, se\u00f1al\u00f3 con respecto a c\u00f3mo fue el inicio del hallazgo, confirmando las versiones que circulaban en la noche del lunes acerca de lo at\u00edpico del suceso.<\/p>\n<p>&nbsp;<\/p>\n<p><img data-recalc-dims=\"1\" loading=\"lazy\" decoding=\"async\" class=\"alignnone size-large wp-image-23486\" src=\"https:\/\/i0.wp.com\/cdnoticias.com\/wp-content\/uploads\/2021\/06\/WhatsApp-Image-2021-06-08-at-17.15.45-2.jpeg?resize=800%2C534&#038;ssl=1\" alt=\"\" width=\"800\" height=\"534\" srcset=\"https:\/\/i0.wp.com\/cdnoticias.com\/wp-content\/uploads\/2021\/06\/WhatsApp-Image-2021-06-08-at-17.15.45-2.jpeg?resize=1024%2C683&amp;ssl=1 1024w, https:\/\/i0.wp.com\/cdnoticias.com\/wp-content\/uploads\/2021\/06\/WhatsApp-Image-2021-06-08-at-17.15.45-2.jpeg?resize=300%2C200&amp;ssl=1 300w, https:\/\/i0.wp.com\/cdnoticias.com\/wp-content\/uploads\/2021\/06\/WhatsApp-Image-2021-06-08-at-17.15.45-2.jpeg?resize=768%2C512&amp;ssl=1 768w, https:\/\/i0.wp.com\/cdnoticias.com\/wp-content\/uploads\/2021\/06\/WhatsApp-Image-2021-06-08-at-17.15.45-2.jpeg?resize=272%2C182&amp;ssl=1 272w, https:\/\/i0.wp.com\/cdnoticias.com\/wp-content\/uploads\/2021\/06\/WhatsApp-Image-2021-06-08-at-17.15.45-2.jpeg?w=1152&amp;ssl=1 1152w\" sizes=\"auto, (max-width: 800px) 100vw, 800px\" \/><\/p>\n<p>&nbsp;<\/p>\n<p><strong>\u201cLa importancia que tiene esta incautaci\u00f3n nos honra porque la sociedad est\u00e1 teniendo confianza en nosotros\u201d<\/strong>, agreg\u00f3, evitando arrojar mayores precisiones acerca del curso de las pesquisas. \u201cEsto deriva en la investigaci\u00f3n de distintas posibilidades de redes y caminos investigativos en los que estamos avanzando pero son varias las posibilidades\u201d, concluy\u00f3 al respecto.<\/p>\n<p>&nbsp;<\/p>\n<p>En contrapartida, prefiri\u00f3 poner el acento en que<strong> \u201cesto que ustedes ven ac\u00e1 como panes de coca\u00edna es menos violencia en las calles\u201d<\/strong>, a medida que daba cuenta de las estad\u00edsticas que hilvanan los hechos de violencia de g\u00e9nero y familiar con el consumo de estupefacientes. Por otra parte, no descart\u00f3 que en el futuro la causa pudiera pasar al Fuero Federal teniendo en cuenta la dimensi\u00f3n de lo incautado.<\/p>\n<p>&nbsp;<\/p>\n<p><img data-recalc-dims=\"1\" loading=\"lazy\" decoding=\"async\" class=\"alignnone size-large wp-image-23487\" src=\"https:\/\/i0.wp.com\/cdnoticias.com\/wp-content\/uploads\/2021\/06\/WhatsApp-Image-2021-06-08-at-17.15.45-1.jpeg?resize=800%2C534&#038;ssl=1\" alt=\"\" width=\"800\" height=\"534\" srcset=\"https:\/\/i0.wp.com\/cdnoticias.com\/wp-content\/uploads\/2021\/06\/WhatsApp-Image-2021-06-08-at-17.15.45-1.jpeg?resize=1024%2C683&amp;ssl=1 1024w, https:\/\/i0.wp.com\/cdnoticias.com\/wp-content\/uploads\/2021\/06\/WhatsApp-Image-2021-06-08-at-17.15.45-1.jpeg?resize=300%2C200&amp;ssl=1 300w, https:\/\/i0.wp.com\/cdnoticias.com\/wp-content\/uploads\/2021\/06\/WhatsApp-Image-2021-06-08-at-17.15.45-1.jpeg?resize=768%2C512&amp;ssl=1 768w, https:\/\/i0.wp.com\/cdnoticias.com\/wp-content\/uploads\/2021\/06\/WhatsApp-Image-2021-06-08-at-17.15.45-1.jpeg?resize=272%2C182&amp;ssl=1 272w, https:\/\/i0.wp.com\/cdnoticias.com\/wp-content\/uploads\/2021\/06\/WhatsApp-Image-2021-06-08-at-17.15.45-1.jpeg?w=1152&amp;ssl=1 1152w\" sizes=\"auto, (max-width: 800px) 100vw, 800px\" \/><\/p>\n<p>&nbsp;<\/p>\n<p>En similares t\u00e9rminos se proclam\u00f3 el fiscal Lucas Moyano, quien revel\u00f3 que los \u201cpanes\u201d se hallaban en el interior de una bolsa que se encontraba en el interior de una cochera. <strong>\u201cEstuvimos trabajando pero no podemos dar mucha informaci\u00f3n porque estamos manejando distintas hip\u00f3tesis, todo es materia de an\u00e1lisis y es una causa compleja\u201d<\/strong>, declar\u00f3.<\/p>\n<p>&nbsp;<\/p>\n<p>Por \u00faltimo, el intendente municipal Ezequiel Galli subray\u00f3 que<strong> \u201cquiero felicitar al trabajo de la polic\u00eda bonaerense y la Justicia. Es una gran noticia para los olavarrienses que haya siete kilos menos de coca\u00edna en la calle. Esto es menos violencia, es una muy buena noticia.\u00a0 Que la ciudadan\u00eda confi\u00e9 en el trabajo de la justicia y la polic\u00eda es un gran avance porque trabajamos mucho en la lucha contra todos los delitos\u201d<\/strong>, finaliz\u00f3.<\/p>\n","protected":false},"excerpt":{"rendered":"<p>As\u00ed fue revelado por el fiscal General del Departamento Judicial de Azul, Marcelo Sobrino, quien lider\u00f3 una conferencia de prensa<\/p>\n","protected":false},"author":4,"featured_media":23485,"comment_status":"closed","ping_status":"closed","sticky":false,"template":"","format":"standard","meta":{"_jetpack_memberships_contains_paid_content":false,"footnotes":""},"categories":[14,1],"tags":[],"class_list":["post-23483","post","type-post","status-publish","format-standard","has-post-thumbnail","hentry","category-policiales","category-portada"],"jetpack_featured_media_url":"https:\/\/i0.wp.com\/cdnoticias.com\/wp-content\/uploads\/2021\/06\/WhatsApp-Image-2021-06-08-at-17.15.46-e1623186360174.jpeg?fit=1149%2C639&ssl=1","jetpack_sharing_enabled":true,"_links":{"self":[{"href":"https:\/\/cdnoticias.com\/index.php\/wp-json\/wp\/v2\/posts\/23483","targetHints":{"allow":["GET"]}}],"collection":[{"href":"https:\/\/cdnoticias.com\/index.php\/wp-json\/wp\/v2\/posts"}],"about":[{"href":"https:\/\/cdnoticias.com\/index.php\/wp-json\/wp\/v2\/types\/post"}],"author":[{"embeddable":true,"href":"https:\/\/cdnoticias.com\/index.php\/wp-json\/wp\/v2\/users\/4"}],"replies":[{"embeddable":true,"href":"https:\/\/cdnoticias.com\/index.php\/wp-json\/wp\/v2\/comments?post=23483"}],"version-history":[{"count":0,"href":"https:\/\/cdnoticias.com\/index.php\/wp-json\/wp\/v2\/posts\/23483\/revisions"}],"wp:featuredmedia":[{"embeddable":true,"href":"https:\/\/cdnoticias.com\/index.php\/wp-json\/wp\/v2\/media\/23485"}],"wp:attachment":[{"href":"https:\/\/cdnoticias.com\/index.php\/wp-json\/wp\/v2\/media?parent=23483"}],"wp:term":[{"taxonomy":"category","embeddable":true,"href":"https:\/\/cdnoticias.com\/index.php\/wp-json\/wp\/v2\/categories?post=23483"},{"taxonomy":"post_tag","embeddable":true,"href":"https:\/\/cdnoticias.com\/index.php\/wp-json\/wp\/v2\/tags?post=23483"}],"curies":[{"name":"wp","href":"https:\/\/api.w.org\/{rel}","templated":true}]}}