{"id":23470,"date":"2021-06-10T19:45:06","date_gmt":"2021-06-10T22:45:06","guid":{"rendered":"http:\/\/www.centraldenoticias.com.ar\/?p=23470"},"modified":"2021-06-10T19:45:29","modified_gmt":"2021-06-10T22:45:29","slug":"nativa-seguros-los-conductores-del-futuro-nuestra-prioridad","status":"publish","type":"post","link":"https:\/\/cdnoticias.com\/index.php\/2021\/06\/10\/nativa-seguros-los-conductores-del-futuro-nuestra-prioridad\/","title":{"rendered":"Nativa Seguros: \u201clos conductores del futuro, nuestra prioridad\u201d"},"content":{"rendered":"<p>Se pone en marcha una nueva edici\u00f3n de #ManejateSeguro, la campa\u00f1a de Educaci\u00f3n y Seguridad Vial impulsada desde Nativa Seguros, en el marco del D\u00eda Mundial de la Seguridad Vial.<!--more--><\/p>\n<hr \/>\n<p>En el marco del D\u00eda Mundial de la Seguridad Vial, que se celebra cada 10 de junio, <em><strong>Nativa Seguros<\/strong><\/em> presentar\u00e1 una nueva edici\u00f3n de <strong>\u201c#ManejateSeguro\u201d, la campa\u00f1a de Educaci\u00f3n y Seguridad Vial dirigida principalmente a los niveles educativos inicial, medio y secundario<\/strong>.<\/p>\n<p>&nbsp;<\/p>\n<figure id=\"attachment_23472\" aria-describedby=\"caption-attachment-23472\" style=\"width: 800px\" class=\"wp-caption alignnone\"><img data-recalc-dims=\"1\" loading=\"lazy\" decoding=\"async\" class=\"size-large wp-image-23472\" src=\"https:\/\/i0.wp.com\/cdnoticias.com\/wp-content\/uploads\/2021\/06\/2.jpg?resize=800%2C502&#038;ssl=1\" alt=\"\" width=\"800\" height=\"502\" srcset=\"https:\/\/i0.wp.com\/cdnoticias.com\/wp-content\/uploads\/2021\/06\/2.jpg?resize=1024%2C643&amp;ssl=1 1024w, https:\/\/i0.wp.com\/cdnoticias.com\/wp-content\/uploads\/2021\/06\/2.jpg?resize=300%2C188&amp;ssl=1 300w, https:\/\/i0.wp.com\/cdnoticias.com\/wp-content\/uploads\/2021\/06\/2.jpg?resize=768%2C482&amp;ssl=1 768w, https:\/\/i0.wp.com\/cdnoticias.com\/wp-content\/uploads\/2021\/06\/2.jpg?w=1600&amp;ssl=1 1600w, https:\/\/i0.wp.com\/cdnoticias.com\/wp-content\/uploads\/2021\/06\/2.jpg?w=2400&amp;ssl=1 2400w\" sizes=\"auto, (max-width: 800px) 100vw, 800px\" \/><figcaption id=\"caption-attachment-23472\" class=\"wp-caption-text\">La Seguridad Vial es un pilar fundamental en nuestra pol\u00edtica de Responsabilidad Social Empresarial, y como tal los j\u00f3venes son parte de la problem\u00e1tica, se enfatiz\u00f3 desde Nativa Seguros<\/figcaption><\/figure>\n<p>&nbsp;<\/p>\n<p>El desaf\u00edo en esta oportunidad ser\u00e1 profundizar sobre esta problem\u00e1tica en tiempos de\u00a0pandemia, <strong>promoviendo herramientas de concientizaci\u00f3n y prevenci\u00f3n de accidentes viales.<\/strong><\/p>\n<p>&nbsp;<\/p>\n<p>Esta nueva iniciativa hace hincapi\u00e9 en dos ejes claves y estrat\u00e9gicos, vinculados con la pol\u00edtica de Responsabilidad Social Empresarial de la compa\u00f1\u00eda:<strong> promover el rol fundamental de los j\u00f3venes como agentes de cambio social y profundizar el mensaje de concientizaci\u00f3n sobre las normas de tr\u00e1nsito, que redundar\u00e1 en un mejor manejo conductivo<\/strong>.<\/p>\n<p>&nbsp;<\/p>\n<p><em><strong>Presencia en las instituciones educativas<\/strong><\/em><\/p>\n<p>&nbsp;<\/p>\n<p>La agenda programada para junio contempla una serie de actividades pensadas para cada p\u00fablico objetivo. Mediante la articulaci\u00f3n con las instituciones educativas<strong>, los ni\u00f1os recibir\u00e1n en sus escuelas el \u201cKit Nat\u201d, compuesto por una mochila que contiene la edici\u00f3n N\u00ba1 de la revista \u201cNat y vos en la ciudad\u201d en la que aborda la tem\u00e1tica vial de manera l\u00fadica, el sem\u00e1foro \u201cNat\u201d mu\u00f1eco did\u00e1ctico y personaje principal de la historieta y un juego de l\u00e1pices de colores.<\/strong><\/p>\n<p>&nbsp;<\/p>\n<p><img data-recalc-dims=\"1\" loading=\"lazy\" decoding=\"async\" class=\"alignnone size-large wp-image-23473\" src=\"https:\/\/i0.wp.com\/cdnoticias.com\/wp-content\/uploads\/2021\/06\/NATIVA_Libertas_enasellofotos_024.jpg?resize=800%2C534&#038;ssl=1\" alt=\"\" width=\"800\" height=\"534\" srcset=\"https:\/\/i0.wp.com\/cdnoticias.com\/wp-content\/uploads\/2021\/06\/NATIVA_Libertas_enasellofotos_024.jpg?resize=1024%2C683&amp;ssl=1 1024w, https:\/\/i0.wp.com\/cdnoticias.com\/wp-content\/uploads\/2021\/06\/NATIVA_Libertas_enasellofotos_024.jpg?resize=300%2C200&amp;ssl=1 300w, https:\/\/i0.wp.com\/cdnoticias.com\/wp-content\/uploads\/2021\/06\/NATIVA_Libertas_enasellofotos_024.jpg?resize=768%2C512&amp;ssl=1 768w, https:\/\/i0.wp.com\/cdnoticias.com\/wp-content\/uploads\/2021\/06\/NATIVA_Libertas_enasellofotos_024.jpg?resize=272%2C182&amp;ssl=1 272w, https:\/\/i0.wp.com\/cdnoticias.com\/wp-content\/uploads\/2021\/06\/NATIVA_Libertas_enasellofotos_024.jpg?w=1600&amp;ssl=1 1600w, https:\/\/i0.wp.com\/cdnoticias.com\/wp-content\/uploads\/2021\/06\/NATIVA_Libertas_enasellofotos_024.jpg?w=2400&amp;ssl=1 2400w\" sizes=\"auto, (max-width: 800px) 100vw, 800px\" \/><\/p>\n<p>&nbsp;<\/p>\n<p>Los adolescentes, recibir\u00e1n un kit similar que incluye una gu\u00eda de manejo con el <strong>material te\u00f3rico para rendir el examen de conducir, junto a una libreta y lapicera de material reciclado.<\/strong><\/p>\n<p>&nbsp;<\/p>\n<p><em><strong>Los ciclistas, como agentes de seguridad vial<\/strong><\/em><\/p>\n<p>&nbsp;<\/p>\n<p>La campa\u00f1a tambi\u00e9n se encuentra orientada a los ciclistas, amateurs y profesionales. Aquellos que practican este deporte recibir\u00e1n un kit informativo sobre el manejo seguro de la bicicleta, junto a<strong> material reflectante para pegar en la propia bicicleta y en el casco. Adem\u00e1s, participar\u00e1n de sorteos de accesorios de seguridad para la bicicleta<\/strong>.<\/p>\n<p>&nbsp;<\/p>\n<p><img data-recalc-dims=\"1\" loading=\"lazy\" decoding=\"async\" class=\"alignnone size-large wp-image-23471\" src=\"https:\/\/i0.wp.com\/cdnoticias.com\/wp-content\/uploads\/2021\/06\/1.jpg?resize=800%2C613&#038;ssl=1\" alt=\"\" width=\"800\" height=\"613\" srcset=\"https:\/\/i0.wp.com\/cdnoticias.com\/wp-content\/uploads\/2021\/06\/1.jpg?resize=1024%2C785&amp;ssl=1 1024w, https:\/\/i0.wp.com\/cdnoticias.com\/wp-content\/uploads\/2021\/06\/1.jpg?resize=300%2C230&amp;ssl=1 300w, https:\/\/i0.wp.com\/cdnoticias.com\/wp-content\/uploads\/2021\/06\/1.jpg?resize=768%2C589&amp;ssl=1 768w, https:\/\/i0.wp.com\/cdnoticias.com\/wp-content\/uploads\/2021\/06\/1.jpg?w=1600&amp;ssl=1 1600w, https:\/\/i0.wp.com\/cdnoticias.com\/wp-content\/uploads\/2021\/06\/1.jpg?w=2400&amp;ssl=1 2400w\" sizes=\"auto, (max-width: 800px) 100vw, 800px\" \/><\/p>\n<p>&nbsp;<\/p>\n<p><em><strong>Comunicaci\u00f3n 360\u00ba<\/strong><\/em><\/p>\n<p>&nbsp;<\/p>\n<p>En l\u00ednea con las acciones de concientizaci\u00f3n previstas, se encuentra pautada una<strong> intensa campa\u00f1a de comunicaci\u00f3n en m\u00faltiples formatos y espacios.<\/strong><\/p>\n<p>&nbsp;<\/p>\n<p><strong>Fabi\u00e1n Pons, especialista y referente en materia seguridad vial, ser\u00e1 la imagen de la campa\u00f1a en redes sociales y medios de comunicaci\u00f3n<\/strong>. El especialista, presidente del Observatorio Vial Latinoamericano (OVILAM) presentar\u00e1 estad\u00edsticas, informes y consejos preventivos sobre seguridad vial.<\/p>\n<p>&nbsp;<\/p>\n<p><img data-recalc-dims=\"1\" loading=\"lazy\" decoding=\"async\" class=\"alignnone size-large wp-image-23474\" src=\"https:\/\/i0.wp.com\/cdnoticias.com\/wp-content\/uploads\/2021\/06\/NATIVA_Libertas_enasellofotos_021.jpg?resize=800%2C534&#038;ssl=1\" alt=\"\" width=\"800\" height=\"534\" srcset=\"https:\/\/i0.wp.com\/cdnoticias.com\/wp-content\/uploads\/2021\/06\/NATIVA_Libertas_enasellofotos_021.jpg?resize=1024%2C683&amp;ssl=1 1024w, https:\/\/i0.wp.com\/cdnoticias.com\/wp-content\/uploads\/2021\/06\/NATIVA_Libertas_enasellofotos_021.jpg?resize=300%2C200&amp;ssl=1 300w, https:\/\/i0.wp.com\/cdnoticias.com\/wp-content\/uploads\/2021\/06\/NATIVA_Libertas_enasellofotos_021.jpg?resize=768%2C512&amp;ssl=1 768w, https:\/\/i0.wp.com\/cdnoticias.com\/wp-content\/uploads\/2021\/06\/NATIVA_Libertas_enasellofotos_021.jpg?resize=272%2C182&amp;ssl=1 272w, https:\/\/i0.wp.com\/cdnoticias.com\/wp-content\/uploads\/2021\/06\/NATIVA_Libertas_enasellofotos_021.jpg?w=1600&amp;ssl=1 1600w, https:\/\/i0.wp.com\/cdnoticias.com\/wp-content\/uploads\/2021\/06\/NATIVA_Libertas_enasellofotos_021.jpg?w=2400&amp;ssl=1 2400w\" sizes=\"auto, (max-width: 800px) 100vw, 800px\" \/><\/p>\n<p>&nbsp;<\/p>\n<p>En la v\u00eda p\u00fablica la campa\u00f1a adoptar\u00e1 im\u00e1genes de <strong>situaciones relacionadas al no uso del casco, consumo de alcohol en conductores y uso del celular al volante, entre otras.<\/strong><\/p>\n<p>&nbsp;<\/p>\n<p><em><strong>Un compromiso<\/strong><\/em><\/p>\n<p>&nbsp;<\/p>\n<p>La compa\u00f1\u00eda apoya toda iniciativa sobre seguridad vial y principalmente asume el <strong>compromiso en disminuir las estad\u00edsticas de accidentes y muertes ocasionadas por la conducci\u00f3n indebida<\/strong> como as\u00ed tambi\u00e9n la ausencia de accesorios de seguridad tanto frente al volante, en motocicletas y tambi\u00e9n aquellos peatones en la v\u00eda p\u00fablica que no respetan las se\u00f1ales de tr\u00e1nsito.<\/p>\n<p>&nbsp;<\/p>\n<p>Con m\u00e1s de 250 productores asesores de seguros que forman parte de la red comercial de la compa\u00f1\u00eda, 10 centros propios de atenci\u00f3n y m\u00e1s de 50 empleados en contacto directo con nuestros asegurados, Nativa Seguros afirma que lograr\u00e1 superar los objetivos estrat\u00e9gicos incorporando sus valores en este tipo de proyecto, <strong>fomentando la correcta utilizaci\u00f3n de los medios de transporte, desarrollando adem\u00e1s una nueva cultura de respeto y convivencia.<\/strong><\/p>\n","protected":false},"excerpt":{"rendered":"<p>Se pone en marcha una nueva edici\u00f3n de #ManejateSeguro, la campa\u00f1a de Educaci\u00f3n y Seguridad Vial impulsada desde Nativa Seguros,<\/p>\n","protected":false},"author":3,"featured_media":23475,"comment_status":"closed","ping_status":"closed","sticky":false,"template":"","format":"standard","meta":{"_jetpack_memberships_contains_paid_content":false,"footnotes":""},"categories":[5],"tags":[],"class_list":["post-23470","post","type-post","status-publish","format-standard","has-post-thumbnail","hentry","category-informacion-general"],"jetpack_featured_media_url":"https:\/\/i0.wp.com\/cdnoticias.com\/wp-content\/uploads\/2021\/06\/NATIVA_Libertas_enasellofotos_013.jpg?fit=3000%2C2000&ssl=1","jetpack_sharing_enabled":true,"_links":{"self":[{"href":"https:\/\/cdnoticias.com\/index.php\/wp-json\/wp\/v2\/posts\/23470","targetHints":{"allow":["GET"]}}],"collection":[{"href":"https:\/\/cdnoticias.com\/index.php\/wp-json\/wp\/v2\/posts"}],"about":[{"href":"https:\/\/cdnoticias.com\/index.php\/wp-json\/wp\/v2\/types\/post"}],"author":[{"embeddable":true,"href":"https:\/\/cdnoticias.com\/index.php\/wp-json\/wp\/v2\/users\/3"}],"replies":[{"embeddable":true,"href":"https:\/\/cdnoticias.com\/index.php\/wp-json\/wp\/v2\/comments?post=23470"}],"version-history":[{"count":0,"href":"https:\/\/cdnoticias.com\/index.php\/wp-json\/wp\/v2\/posts\/23470\/revisions"}],"wp:featuredmedia":[{"embeddable":true,"href":"https:\/\/cdnoticias.com\/index.php\/wp-json\/wp\/v2\/media\/23475"}],"wp:attachment":[{"href":"https:\/\/cdnoticias.com\/index.php\/wp-json\/wp\/v2\/media?parent=23470"}],"wp:term":[{"taxonomy":"category","embeddable":true,"href":"https:\/\/cdnoticias.com\/index.php\/wp-json\/wp\/v2\/categories?post=23470"},{"taxonomy":"post_tag","embeddable":true,"href":"https:\/\/cdnoticias.com\/index.php\/wp-json\/wp\/v2\/tags?post=23470"}],"curies":[{"name":"wp","href":"https:\/\/api.w.org\/{rel}","templated":true}]}}