{"id":23444,"date":"2021-06-08T13:26:23","date_gmt":"2021-06-08T16:26:23","guid":{"rendered":"http:\/\/www.centraldenoticias.com.ar\/?p=23444"},"modified":"2021-06-08T13:41:45","modified_gmt":"2021-06-08T16:41:45","slug":"el-ministro-de-salud-celebro-la-segunda-semana-con-caida-de-casos-de-covid","status":"publish","type":"post","link":"https:\/\/cdnoticias.com\/index.php\/2021\/06\/08\/el-ministro-de-salud-celebro-la-segunda-semana-con-caida-de-casos-de-covid\/","title":{"rendered":"El ministro de Salud celebr\u00f3 la segunda semana con ca\u00edda de casos de Covid"},"content":{"rendered":"<p>\u201cTodav\u00eda estamos en niveles alto, pero la buena noticia es no solamente dejaron de crecer los casos sino que empezaron a descender\u201d indic\u00f3 Daniel Goll\u00e1n.<!--more--><\/p>\n<hr \/>\n<p><strong>El ministro de Salud de la provincia, Daniel Goll\u00e1n<\/strong>, abri\u00f3 la conferencia de este martes en la que se dieron detalles de la situaci\u00f3n epidemiol\u00f3gica por la pandemia y <a href=\"https:\/\/cdnoticias.com\/index.php\/2021\/06\/08\/olavarria-en-fase-4-junto-con-otros-tres-distritos\/\" target=\"_blank\" rel=\"noopener\">se expusieron los cambios en el sistema de fases<\/a>.<\/p>\n<p>&nbsp;<\/p>\n<p><strong>El funcionario celebr\u00f3 la segunda semana consecutiva de ca\u00edda de casos confirmados de Covid<\/strong> y contrast\u00f3: \u201cesta semana cobra m\u00e1s valor habida cuenta que no hubo feriados\u201d.<\/p>\n<p>&nbsp;<\/p>\n<p><img data-recalc-dims=\"1\" loading=\"lazy\" decoding=\"async\" class=\"aligncenter wp-image-23449\" src=\"https:\/\/i0.wp.com\/cdnoticias.com\/wp-content\/uploads\/2021\/06\/conferencia-07.jpg?resize=600%2C335&#038;ssl=1\" alt=\"\" width=\"600\" height=\"335\" srcset=\"https:\/\/i0.wp.com\/cdnoticias.com\/wp-content\/uploads\/2021\/06\/conferencia-07.jpg?w=800&amp;ssl=1 800w, https:\/\/i0.wp.com\/cdnoticias.com\/wp-content\/uploads\/2021\/06\/conferencia-07.jpg?resize=300%2C167&amp;ssl=1 300w, https:\/\/i0.wp.com\/cdnoticias.com\/wp-content\/uploads\/2021\/06\/conferencia-07.jpg?resize=768%2C428&amp;ssl=1 768w\" sizes=\"auto, (max-width: 600px) 100vw, 600px\" \/><\/p>\n<p>&nbsp;<\/p>\n<p>La <strong>tasa de incidencia<\/strong> en la provincia de Buenos Aires alcanza a 810 casos cada 100 mil habitantes en los \u00faltimos 15 d\u00edas y a 9.563 casos en total. En el interior es 1.125 cada 100 mil habitantes en los \u00faltimos 15 d\u00edas y 9.757 en general.<\/p>\n<p>&nbsp;<\/p>\n<p><strong>\u201cEl interior super\u00f3 en incidencia al AMBA en cantidad de casos\u201d<\/strong> evalu\u00f3 Goll\u00e1n. Adem\u00e1s, se alcanzaron <strong>42.033 fallecidos<\/strong> y se superaron los 4 millones de testeos.<\/p>\n<p>&nbsp;<\/p>\n<p><img data-recalc-dims=\"1\" loading=\"lazy\" decoding=\"async\" class=\"aligncenter wp-image-23450\" src=\"https:\/\/i0.wp.com\/cdnoticias.com\/wp-content\/uploads\/2021\/06\/conferencia-08.jpg?resize=600%2C334&#038;ssl=1\" alt=\"\" width=\"600\" height=\"334\" srcset=\"https:\/\/i0.wp.com\/cdnoticias.com\/wp-content\/uploads\/2021\/06\/conferencia-08.jpg?w=934&amp;ssl=1 934w, https:\/\/i0.wp.com\/cdnoticias.com\/wp-content\/uploads\/2021\/06\/conferencia-08.jpg?resize=300%2C167&amp;ssl=1 300w, https:\/\/i0.wp.com\/cdnoticias.com\/wp-content\/uploads\/2021\/06\/conferencia-08.jpg?resize=768%2C428&amp;ssl=1 768w, https:\/\/i0.wp.com\/cdnoticias.com\/wp-content\/uploads\/2021\/06\/conferencia-08.jpg?resize=800%2C445&amp;ssl=1 800w\" sizes=\"auto, (max-width: 600px) 100vw, 600px\" \/><\/p>\n<p>Tras hacer un repaso de la <strong>evoluci\u00f3n semanal<\/strong> de los nuevos casos detectados desde agosto hasta la actualidad se\u00f1al\u00f3 que el mes pasado lleg\u00f3 \u201cel pico hist\u00f3rico de m\u00e1s de 12 mil casos que nos llev\u00f3 a los nueve d\u00edas de restricciones y logramos comenzar un camino de descenso\u201d.<\/p>\n<p>&nbsp;<\/p>\n<blockquote><p>En los \u00faltimos siete d\u00edas se registraron 9.950 casos. \u201cTodav\u00eda estamos en niveles alto, pero la buena noticia es no solamente dejaron de crecer los casos sino que empezaron a descender\u201d interpret\u00f3 el ministro.<\/p><\/blockquote>\n<p>&nbsp;<\/p>\n<p><img data-recalc-dims=\"1\" loading=\"lazy\" decoding=\"async\" class=\"size-full wp-image-23446 aligncenter\" src=\"https:\/\/i0.wp.com\/cdnoticias.com\/wp-content\/uploads\/2021\/06\/conferencia-06.jpg?resize=690%2C384&#038;ssl=1\" alt=\"\" width=\"690\" height=\"384\" srcset=\"https:\/\/i0.wp.com\/cdnoticias.com\/wp-content\/uploads\/2021\/06\/conferencia-06.jpg?w=690&amp;ssl=1 690w, https:\/\/i0.wp.com\/cdnoticias.com\/wp-content\/uploads\/2021\/06\/conferencia-06.jpg?resize=300%2C167&amp;ssl=1 300w\" sizes=\"auto, (max-width: 690px) 100vw, 690px\" \/><\/p>\n<p><strong>Ocupaci\u00f3n de camas<\/strong><\/p>\n<p>&nbsp;<\/p>\n<p>Esta ca\u00edda de casos <strong>se traducir\u00e1 dentro de diez d\u00edas en un descenso en la ocupaci\u00f3n de camas de Terapia Intensiva<\/strong>, adelant\u00f3 el ministro.<\/p>\n<p>&nbsp;<\/p>\n<p>En el detalle presentado se mostr\u00f3 que la ocupaci\u00f3n en el AMBA lleg\u00f3 a 73,8% la ocupaci\u00f3n de camas UTI (1.646 camas ocupadas) y <strong>en el interior de la provincia, a 59,6% (554 camas ocupadas)<\/strong>. \u201cImplica que hay centros que por momentos est\u00e1n saturados\u201d defini\u00f3 el ministro.<\/p>\n<p>&nbsp;<\/p>\n<p><img data-recalc-dims=\"1\" loading=\"lazy\" decoding=\"async\" class=\"aligncenter wp-image-23451\" src=\"https:\/\/i0.wp.com\/cdnoticias.com\/wp-content\/uploads\/2021\/06\/conferencia-09.jpg?resize=600%2C334&#038;ssl=1\" alt=\"\" width=\"600\" height=\"334\" srcset=\"https:\/\/i0.wp.com\/cdnoticias.com\/wp-content\/uploads\/2021\/06\/conferencia-09.jpg?w=800&amp;ssl=1 800w, https:\/\/i0.wp.com\/cdnoticias.com\/wp-content\/uploads\/2021\/06\/conferencia-09.jpg?resize=300%2C167&amp;ssl=1 300w, https:\/\/i0.wp.com\/cdnoticias.com\/wp-content\/uploads\/2021\/06\/conferencia-09.jpg?resize=768%2C427&amp;ssl=1 768w\" sizes=\"auto, (max-width: 600px) 100vw, 600px\" \/><\/p>\n<p>&nbsp;<\/p>\n<blockquote><p>\u201cEn aquellos municipios que se tomaron medidas muy severas pudieron revertir la situaci\u00f3n. No solo de la cantidad de casos sino tambi\u00e9n de la ocupaci\u00f3n de camas de terapia, esto es la muestra de que cuando se toman las medidas que hay que tomar se puede volver m\u00e1s r\u00e1pidamente, se puede volver a una fase de mayor libertad en la circulaci\u00f3n\u201d expres\u00f3 Daniel Goll\u00e1n.<\/p><\/blockquote>\n<p>&nbsp;<\/p>\n<p><strong>Atenci\u00f3n y vacunaci\u00f3n<\/strong><\/p>\n<p>&nbsp;<\/p>\n<p>Tambi\u00e9n durante la conferencia, el m\u00e9dico se refiri\u00f3 a que <a href=\"https:\/\/cdnoticias.com\/index.php\/2021\/06\/02\/el-tren-sanitario-estara-en-hinojo-y-olavarria\/\" target=\"_blank\" rel=\"noopener\">ya transita el Tren Sanitario<\/a> \u201cque va a recorrer la provincia llevando salud y con importante tarea de <strong>hisopados y detecci\u00f3n<\/strong>\u201d. Cabe recordar que <strong>la llegada a Hinojo est\u00e1 prevista para este jueves<\/strong>.<\/p>\n<p>&nbsp;<\/p>\n<p><img data-recalc-dims=\"1\" loading=\"lazy\" decoding=\"async\" class=\"aligncenter wp-image-23452\" src=\"https:\/\/i0.wp.com\/cdnoticias.com\/wp-content\/uploads\/2021\/06\/conferencia-10.jpg?resize=600%2C334&#038;ssl=1\" alt=\"\" width=\"600\" height=\"334\" srcset=\"https:\/\/i0.wp.com\/cdnoticias.com\/wp-content\/uploads\/2021\/06\/conferencia-10.jpg?w=800&amp;ssl=1 800w, https:\/\/i0.wp.com\/cdnoticias.com\/wp-content\/uploads\/2021\/06\/conferencia-10.jpg?resize=300%2C167&amp;ssl=1 300w, https:\/\/i0.wp.com\/cdnoticias.com\/wp-content\/uploads\/2021\/06\/conferencia-10.jpg?resize=768%2C427&amp;ssl=1 768w\" sizes=\"auto, (max-width: 600px) 100vw, 600px\" \/><\/p>\n<p>&nbsp;<\/p>\n<blockquote><p>En cuanto al avance de la campa\u00f1a de vacunaci\u00f3n, se inform\u00f3 que ya se han aplicado 4,4 millones del primer componente y 5,4 millones en total. \u201cHay una aceleraci\u00f3n muy grande\u201d remarc\u00f3 Goll\u00e1n.<\/p><\/blockquote>\n<p>&nbsp;<\/p>\n<p>Por \u00faltimo, inform\u00f3 acerca de la <strong>\u201cvacunaci\u00f3n libre\u201d para mayores de 70 a\u00f1os que un total de 2.291 personas<\/strong> recibieron desde el s\u00e1bado en territorio bonaerense la primera dosis de la vacuna contra el coronavirus sin haberse inscripto previamente.<\/p>\n<p>&nbsp;<\/p>\n<p><img data-recalc-dims=\"1\" loading=\"lazy\" decoding=\"async\" class=\"aligncenter wp-image-23453\" src=\"https:\/\/i0.wp.com\/cdnoticias.com\/wp-content\/uploads\/2021\/06\/conferencia-11.jpg?resize=600%2C334&#038;ssl=1\" alt=\"\" width=\"600\" height=\"334\" srcset=\"https:\/\/i0.wp.com\/cdnoticias.com\/wp-content\/uploads\/2021\/06\/conferencia-11.jpg?w=800&amp;ssl=1 800w, https:\/\/i0.wp.com\/cdnoticias.com\/wp-content\/uploads\/2021\/06\/conferencia-11.jpg?resize=300%2C167&amp;ssl=1 300w, https:\/\/i0.wp.com\/cdnoticias.com\/wp-content\/uploads\/2021\/06\/conferencia-11.jpg?resize=768%2C427&amp;ssl=1 768w\" sizes=\"auto, (max-width: 600px) 100vw, 600px\" \/><\/p>\n<p><img data-recalc-dims=\"1\" loading=\"lazy\" decoding=\"async\" class=\"aligncenter wp-image-23447\" src=\"https:\/\/i0.wp.com\/cdnoticias.com\/wp-content\/uploads\/2021\/06\/conferencia-00A.jpg?resize=600%2C334&#038;ssl=1\" alt=\"\" width=\"600\" height=\"334\" srcset=\"https:\/\/i0.wp.com\/cdnoticias.com\/wp-content\/uploads\/2021\/06\/conferencia-00A.jpg?w=800&amp;ssl=1 800w, https:\/\/i0.wp.com\/cdnoticias.com\/wp-content\/uploads\/2021\/06\/conferencia-00A.jpg?resize=300%2C167&amp;ssl=1 300w, https:\/\/i0.wp.com\/cdnoticias.com\/wp-content\/uploads\/2021\/06\/conferencia-00A.jpg?resize=768%2C427&amp;ssl=1 768w\" sizes=\"auto, (max-width: 600px) 100vw, 600px\" \/><\/p>\n","protected":false},"excerpt":{"rendered":"<p>\u201cTodav\u00eda estamos en niveles alto, pero la buena noticia es no solamente dejaron de crecer los casos sino que empezaron<\/p>\n","protected":false},"author":4,"featured_media":23448,"comment_status":"closed","ping_status":"closed","sticky":false,"template":"","format":"standard","meta":{"_jetpack_memberships_contains_paid_content":false,"footnotes":""},"categories":[16,1],"tags":[],"class_list":["post-23444","post","type-post","status-publish","format-standard","has-post-thumbnail","hentry","category-covid-19","category-portada"],"jetpack_featured_media_url":"https:\/\/i0.wp.com\/cdnoticias.com\/wp-content\/uploads\/2021\/06\/conferencia-00B.jpg?fit=800%2C445&ssl=1","jetpack_sharing_enabled":true,"_links":{"self":[{"href":"https:\/\/cdnoticias.com\/index.php\/wp-json\/wp\/v2\/posts\/23444","targetHints":{"allow":["GET"]}}],"collection":[{"href":"https:\/\/cdnoticias.com\/index.php\/wp-json\/wp\/v2\/posts"}],"about":[{"href":"https:\/\/cdnoticias.com\/index.php\/wp-json\/wp\/v2\/types\/post"}],"author":[{"embeddable":true,"href":"https:\/\/cdnoticias.com\/index.php\/wp-json\/wp\/v2\/users\/4"}],"replies":[{"embeddable":true,"href":"https:\/\/cdnoticias.com\/index.php\/wp-json\/wp\/v2\/comments?post=23444"}],"version-history":[{"count":0,"href":"https:\/\/cdnoticias.com\/index.php\/wp-json\/wp\/v2\/posts\/23444\/revisions"}],"wp:featuredmedia":[{"embeddable":true,"href":"https:\/\/cdnoticias.com\/index.php\/wp-json\/wp\/v2\/media\/23448"}],"wp:attachment":[{"href":"https:\/\/cdnoticias.com\/index.php\/wp-json\/wp\/v2\/media?parent=23444"}],"wp:term":[{"taxonomy":"category","embeddable":true,"href":"https:\/\/cdnoticias.com\/index.php\/wp-json\/wp\/v2\/categories?post=23444"},{"taxonomy":"post_tag","embeddable":true,"href":"https:\/\/cdnoticias.com\/index.php\/wp-json\/wp\/v2\/tags?post=23444"}],"curies":[{"name":"wp","href":"https:\/\/api.w.org\/{rel}","templated":true}]}}