{"id":23437,"date":"2021-06-08T12:40:14","date_gmt":"2021-06-08T15:40:14","guid":{"rendered":"http:\/\/www.centraldenoticias.com.ar\/?p=23437"},"modified":"2021-06-09T08:04:31","modified_gmt":"2021-06-09T11:04:31","slug":"olavarria-en-fase-4-junto-con-otros-tres-distritos","status":"publish","type":"post","link":"https:\/\/cdnoticias.com\/index.php\/2021\/06\/08\/olavarria-en-fase-4-junto-con-otros-tres-distritos\/","title":{"rendered":"Olavarr\u00eda en Fase 4 junto con otros tres distritos"},"content":{"rendered":"<p>Casi toda la provincia sigue en fase 2, aunque se resalt\u00f3 la ca\u00edda de 17% de casos en las \u00faltimas dos semanas. Bianco celebr\u00f3 que \u201cse cumple un a\u00f1o del sistema de fases en la provincia que se puso en pr\u00e1ctica el 10 de junio del a\u00f1o pasado\u201d.<!--more--><\/p>\n<hr \/>\n<p><strong>\u201cLas medidas de cuidado que se han tomado est\u00e1n dando su resultado por segunda semana consecutiva\u201d<\/strong> destac\u00f3 el jefe de Gabinete Carlos Bianco en la conferencia que brind\u00f3 este martes<a href=\"https:\/\/cdnoticias.com\/index.php\/2021\/06\/08\/el-ministro-de-salud-celebro-la-segunda-semana-con-caida-de-casos-de-covid\/\" target=\"_blank\" rel=\"noopener\"> junto al ministro de Salud Daniel Goll\u00e1n<\/a> sobre la situaci\u00f3n sanitaria.<\/p>\n<p>&nbsp;<\/p>\n<p>Record\u00f3 la informaci\u00f3n que ya se hab\u00eda adelantado:<a href=\"https:\/\/cdnoticias.com\/index.php\/2021\/06\/07\/caida-de-103-de-los-casos-de-covid-en-la-provincia-durante-la-ultima-semana\/\" target=\"_blank\" rel=\"noopener\"> en los \u00faltimos siete d\u00edas la ca\u00edda de los contagios alcanz\u00f3 el orden de 10%<\/a> y asciende a 17% en las \u00faltimas dos semanas.<\/p>\n<p>&nbsp;<\/p>\n<p>En ese marco <a href=\"https:\/\/cdnoticias.com\/index.php\/2021\/06\/07\/el-intendente-galli-adelanto-el-pase-de-olavarria-a-fase-4\/\" target=\"_blank\" rel=\"noopener\">confirm\u00f3 lo que hab\u00eda adelantado el jefe comunal<\/a>: <strong>desde este martes Olavarr\u00eda est\u00e1 en fase 4<\/strong> lo cual signific\u00f3 un avance ya que<strong> desde el 10 de abril el distrito estaba en fase 3<\/strong>. Se hab\u00eda retrocedido a la fase m\u00e1s estricta al determinar<a href=\"https:\/\/cdnoticias.com\/index.php\/2021\/04\/10\/a-traves-de-un-hilo-en-twitter-el-intendente-ezequiel-galli-explico-el-retorno-de-olavarria-a-fase-3\/\" target=\"_blank\" rel=\"noopener\"> la presencia de las variantes Manaos y Reino Unido en pacientes de nuestra ciudad<\/a>.<\/p>\n<p>&nbsp;<\/p>\n<p><img data-recalc-dims=\"1\" loading=\"lazy\" decoding=\"async\" class=\"alignnone size-full wp-image-23440\" src=\"https:\/\/i0.wp.com\/cdnoticias.com\/wp-content\/uploads\/2021\/06\/conferencia-00C.jpg?resize=800%2C445&#038;ssl=1\" alt=\"\" width=\"800\" height=\"445\" srcset=\"https:\/\/i0.wp.com\/cdnoticias.com\/wp-content\/uploads\/2021\/06\/conferencia-00C.jpg?w=800&amp;ssl=1 800w, https:\/\/i0.wp.com\/cdnoticias.com\/wp-content\/uploads\/2021\/06\/conferencia-00C.jpg?resize=300%2C167&amp;ssl=1 300w, https:\/\/i0.wp.com\/cdnoticias.com\/wp-content\/uploads\/2021\/06\/conferencia-00C.jpg?resize=768%2C427&amp;ssl=1 768w\" sizes=\"auto, (max-width: 800px) 100vw, 800px\" \/><\/p>\n<p>&nbsp;<\/p>\n<blockquote><p>\u201cEs una excelente noticia sabiendo que la situaci\u00f3n en t\u00e9rminos de contagio y de ocupaci\u00f3n de camas de UTI era cr\u00edtica\u201d dijo el jefe de Gabinete quien celebr\u00f3 \u201cel esfuerzo que ha hecho el Gobierno Nacional y que hemos implementado porque m\u00e1s all\u00e1 de que al principio de la pandemia la provincia de Buenos Aires ten\u00eda todos los n\u00fameros para tener un colapso sanitario fundamentalmente por el sistema desastroso que hab\u00edamos recibido a fines de 2019\u201d.<\/p><\/blockquote>\n<p>&nbsp;<\/p>\n<p>Bianco a su vez destac\u00f3 que <strong>\u201cesta semana tenemos una efem\u00e9ride muy particular, se cumple un a\u00f1o del sistema de fases en la provincia que se puso en pr\u00e1ctica el 10 de junio del a\u00f1o pasado\u201d<\/strong> para el que consider\u00f3 que ha dejado \u201cexcelentes resultados\u201d.<\/p>\n<p>&nbsp;<\/p>\n<p>En cuanto a la ubicaci\u00f3n de los municipios en las fases, desde este martes <strong>114 distritos en fase 2<\/strong> (hab\u00eda 121 hasta la semana pasada),<strong> 17 municipios en fase 3<\/strong> (hab\u00eda 13 la semana pasada) y <strong>4 distritos en fase 4<\/strong> (hab\u00eda s\u00f3lo uno la semana anterior).<\/p>\n<p>&nbsp;<\/p>\n<p><img data-recalc-dims=\"1\" loading=\"lazy\" decoding=\"async\" class=\"aligncenter wp-image-23442 size-full\" src=\"https:\/\/i0.wp.com\/cdnoticias.com\/wp-content\/uploads\/2021\/06\/conferencia-03.jpg?resize=626%2C348&#038;ssl=1\" alt=\"\" width=\"626\" height=\"348\" srcset=\"https:\/\/i0.wp.com\/cdnoticias.com\/wp-content\/uploads\/2021\/06\/conferencia-03.jpg?w=626&amp;ssl=1 626w, https:\/\/i0.wp.com\/cdnoticias.com\/wp-content\/uploads\/2021\/06\/conferencia-03.jpg?resize=300%2C167&amp;ssl=1 300w\" sizes=\"auto, (max-width: 626px) 100vw, 626px\" \/><\/p>\n<p>&nbsp;<\/p>\n<p>\u201cEl sistema de fases ha tenido alguna que otra cr\u00edtica, pero<strong> esta metodolog\u00eda nos ha permitido traspasar el peor momento de la pandemia<\/strong> haciendo ajustes din\u00e1micamente, de manera flexible, no solo por la ubicaci\u00f3n de los distritos sino tambi\u00e9n modificando las medidas de cuidado y las actividades permitidas\u201d, sostuvo Bianco, y destac\u00f3 que ahora \u201ctenemos el paraguas del DNU presidencial que describe con indicadores objetivos en qu\u00e9 fase est\u00e1 cada municipio\u201d.<\/p>\n<p>&nbsp;<\/p>\n<p>En cuanto a los movimientos respecto de la semana pasada, explic\u00f3 que<strong> hay 7 municipios menos en fase 2<\/strong>, y detall\u00f3 que Baradero, Coronel Rosales, Daireaux, Dolores, General Villegas, Lezama y Pila pasaron a fase 3, mientras que Tordillo pas\u00f3 de fase 2 a fase 4, directamente. En tanto, General Arenales y <strong>General La Madrid<\/strong> descendieron a fase 2.<\/p>\n<p>&nbsp;<\/p>\n<p><img data-recalc-dims=\"1\" loading=\"lazy\" decoding=\"async\" class=\"aligncenter wp-image-23456\" src=\"https:\/\/i0.wp.com\/cdnoticias.com\/wp-content\/uploads\/2021\/06\/conferencia-01-fase-4.jpg?resize=600%2C334&#038;ssl=1\" alt=\"\" width=\"600\" height=\"334\" srcset=\"https:\/\/i0.wp.com\/cdnoticias.com\/wp-content\/uploads\/2021\/06\/conferencia-01-fase-4.jpg?w=800&amp;ssl=1 800w, https:\/\/i0.wp.com\/cdnoticias.com\/wp-content\/uploads\/2021\/06\/conferencia-01-fase-4.jpg?resize=300%2C167&amp;ssl=1 300w, https:\/\/i0.wp.com\/cdnoticias.com\/wp-content\/uploads\/2021\/06\/conferencia-01-fase-4.jpg?resize=768%2C427&amp;ssl=1 768w\" sizes=\"auto, (max-width: 600px) 100vw, 600px\" \/><\/p>\n<p>&nbsp;<\/p>\n<blockquote><p>En tanto, en fase 4 hay cuatro distritos. Adem\u00e1s de Tordillo, se sumaron Olavarr\u00eda, Tres Lomas y Villarino.<\/p><\/blockquote>\n<p>&nbsp;<\/p>\n<p>Mientras que <strong>San Cayetano<\/strong>, que se encontraba en fase 4 hasta la semana pasada, descendi\u00f3 a fase 3.<\/p>\n","protected":false},"excerpt":{"rendered":"<p>Casi toda la provincia sigue en fase 2, aunque se resalt\u00f3 la ca\u00edda de 17% de casos en las \u00faltimas<\/p>\n","protected":false},"author":4,"featured_media":23455,"comment_status":"closed","ping_status":"closed","sticky":false,"template":"","format":"standard","meta":{"_jetpack_memberships_contains_paid_content":false,"footnotes":""},"categories":[16,1],"tags":[],"class_list":["post-23437","post","type-post","status-publish","format-standard","has-post-thumbnail","hentry","category-covid-19","category-portada"],"jetpack_featured_media_url":"https:\/\/i0.wp.com\/cdnoticias.com\/wp-content\/uploads\/2021\/06\/conferencia-01-fases.jpg?fit=800%2C446&ssl=1","jetpack_sharing_enabled":true,"_links":{"self":[{"href":"https:\/\/cdnoticias.com\/index.php\/wp-json\/wp\/v2\/posts\/23437","targetHints":{"allow":["GET"]}}],"collection":[{"href":"https:\/\/cdnoticias.com\/index.php\/wp-json\/wp\/v2\/posts"}],"about":[{"href":"https:\/\/cdnoticias.com\/index.php\/wp-json\/wp\/v2\/types\/post"}],"author":[{"embeddable":true,"href":"https:\/\/cdnoticias.com\/index.php\/wp-json\/wp\/v2\/users\/4"}],"replies":[{"embeddable":true,"href":"https:\/\/cdnoticias.com\/index.php\/wp-json\/wp\/v2\/comments?post=23437"}],"version-history":[{"count":0,"href":"https:\/\/cdnoticias.com\/index.php\/wp-json\/wp\/v2\/posts\/23437\/revisions"}],"wp:featuredmedia":[{"embeddable":true,"href":"https:\/\/cdnoticias.com\/index.php\/wp-json\/wp\/v2\/media\/23455"}],"wp:attachment":[{"href":"https:\/\/cdnoticias.com\/index.php\/wp-json\/wp\/v2\/media?parent=23437"}],"wp:term":[{"taxonomy":"category","embeddable":true,"href":"https:\/\/cdnoticias.com\/index.php\/wp-json\/wp\/v2\/categories?post=23437"},{"taxonomy":"post_tag","embeddable":true,"href":"https:\/\/cdnoticias.com\/index.php\/wp-json\/wp\/v2\/tags?post=23437"}],"curies":[{"name":"wp","href":"https:\/\/api.w.org\/{rel}","templated":true}]}}