{"id":23411,"date":"2021-06-08T08:31:21","date_gmt":"2021-06-08T11:31:21","guid":{"rendered":"http:\/\/www.centraldenoticias.com.ar\/?p=23411"},"modified":"2021-06-08T09:06:44","modified_gmt":"2021-06-08T12:06:44","slug":"galli-felicito-a-la-justicia-y-a-la-policia-por-el-hallazgo-de-cocaina","status":"publish","type":"post","link":"https:\/\/cdnoticias.com\/index.php\/2021\/06\/08\/galli-felicito-a-la-justicia-y-a-la-policia-por-el-hallazgo-de-cocaina\/","title":{"rendered":"Galli felicit\u00f3 a la Justicia y a la Polic\u00eda por el hallazgo de coca\u00edna"},"content":{"rendered":"<p>El jefe comunal se manifest\u00f3 en sus redes sociales por el resultado del operativo llevado a cabo en la tarde del lunes en la zona de barrio UTA.<!--more--><\/p>\n<hr \/>\n<p><strong>\u201cFelicitaciones a la Justicia y a las Fuerzas de Seguridad por el gran operativo de hoy\u201d<\/strong> expres\u00f3 en la noche del lunes el <strong>intendente Ezequiel Galli<\/strong> tras conocerse lo sucedido en Fassina al 4400 de nuestra ciudad.<\/p>\n<p>&nbsp;<\/p>\n<p>En este sentido, el jefe comunal defini\u00f3 que \u201cse secuestraron m\u00e1s de 7 kilos de drogas y armas que <strong>van a salir de las calles<\/strong>!\u201d.<\/p>\n<blockquote class=\"twitter-tweet\">\n<p dir=\"ltr\" lang=\"es\">Felicitaciones a la Justicia y a las Fuerzas de Seguridad por el gran operativo de hoy. Se secuestraron m\u00e1s de 7 kilos de drogas y armas que van a salir de las calles! <a href=\"https:\/\/t.co\/6ybsShDH9T\">pic.twitter.com\/6ybsShDH9T<\/a><\/p>\n<p>\u2014 Ezequiel Galli (@ezequielgalli) <a href=\"https:\/\/twitter.com\/ezequielgalli\/status\/1402060118204850176?ref_src=twsrc%5Etfw\">June 8, 2021<\/a><\/p><\/blockquote>\n<p><script async src=\"https:\/\/platform.twitter.com\/widgets.js\" charset=\"utf-8\"><\/script><\/p>\n<p>Cabe recordar que el caso fue definido como<a href=\"https:\/\/cdnoticias.com\/index.php\/2021\/06\/07\/es-el-secuestro-de-cocaina-mas-importante-de-la-historia-de-olavarria\/\" target=\"_blank\" rel=\"noopener\"> \u201cel secuestro de coca\u00edna m\u00e1s importante de la historia de Olavarr\u00eda\u201d<\/a> por el fiscal en estupefacientes Lucas Moyano.<\/p>\n","protected":false},"excerpt":{"rendered":"<p>El jefe comunal se manifest\u00f3 en sus redes sociales por el resultado del operativo llevado a cabo en la tarde<\/p>\n","protected":false},"author":4,"featured_media":6567,"comment_status":"closed","ping_status":"closed","sticky":false,"template":"","format":"standard","meta":{"_jetpack_memberships_contains_paid_content":false,"footnotes":""},"categories":[4,1],"tags":[],"class_list":["post-23411","post","type-post","status-publish","format-standard","has-post-thumbnail","hentry","category-politica","category-portada"],"jetpack_featured_media_url":"https:\/\/i0.wp.com\/cdnoticias.com\/wp-content\/uploads\/2020\/11\/galli2jpg.jpg?fit=887%2C587&ssl=1","jetpack_sharing_enabled":true,"_links":{"self":[{"href":"https:\/\/cdnoticias.com\/index.php\/wp-json\/wp\/v2\/posts\/23411","targetHints":{"allow":["GET"]}}],"collection":[{"href":"https:\/\/cdnoticias.com\/index.php\/wp-json\/wp\/v2\/posts"}],"about":[{"href":"https:\/\/cdnoticias.com\/index.php\/wp-json\/wp\/v2\/types\/post"}],"author":[{"embeddable":true,"href":"https:\/\/cdnoticias.com\/index.php\/wp-json\/wp\/v2\/users\/4"}],"replies":[{"embeddable":true,"href":"https:\/\/cdnoticias.com\/index.php\/wp-json\/wp\/v2\/comments?post=23411"}],"version-history":[{"count":0,"href":"https:\/\/cdnoticias.com\/index.php\/wp-json\/wp\/v2\/posts\/23411\/revisions"}],"wp:featuredmedia":[{"embeddable":true,"href":"https:\/\/cdnoticias.com\/index.php\/wp-json\/wp\/v2\/media\/6567"}],"wp:attachment":[{"href":"https:\/\/cdnoticias.com\/index.php\/wp-json\/wp\/v2\/media?parent=23411"}],"wp:term":[{"taxonomy":"category","embeddable":true,"href":"https:\/\/cdnoticias.com\/index.php\/wp-json\/wp\/v2\/categories?post=23411"},{"taxonomy":"post_tag","embeddable":true,"href":"https:\/\/cdnoticias.com\/index.php\/wp-json\/wp\/v2\/tags?post=23411"}],"curies":[{"name":"wp","href":"https:\/\/api.w.org\/{rel}","templated":true}]}}