{"id":23400,"date":"2021-06-07T21:02:03","date_gmt":"2021-06-08T00:02:03","guid":{"rendered":"http:\/\/www.centraldenoticias.com.ar\/?p=23400"},"modified":"2021-06-08T08:32:25","modified_gmt":"2021-06-08T11:32:25","slug":"es-el-secuestro-de-cocaina-mas-importante-de-la-historia-de-olavarria","status":"publish","type":"post","link":"https:\/\/cdnoticias.com\/index.php\/2021\/06\/07\/es-el-secuestro-de-cocaina-mas-importante-de-la-historia-de-olavarria\/","title":{"rendered":"\u201cEs el secuestro de coca\u00edna m\u00e1s importante de la historia de Olavarr\u00eda\u201d"},"content":{"rendered":"<p>As\u00ed lo revel\u00f3 y enfatiz\u00f3 el fiscal de estupefacientes Lucas Moyano, sobre el operativo que se despleg\u00f3 en el barrio UTA.<!--more--><\/p>\n<hr \/>\n<p><strong>En la tarde de este lunes se produjo el hallazgo y secuestro de coca\u00edna \u201cm\u00e1s importante de la historia de Olavarr\u00eda\u201d<\/strong>, seg\u00fan lo enfatiz\u00f3 el propio fiscal en estupefacientes Lucas Moyano en horas de la noche, mientras a sus espaldas permanec\u00edan las <a href=\"https:\/\/cdnoticias.com\/index.php\/2021\/06\/07\/ahora-incautan-una-importante-cantidad-de-droga-en-una-cochera\/\" target=\"_blank\" rel=\"noopener\">tareas investigativas en el interior de un complejo de cocheras ubicado sobre Pablo Fassina al 4400, a escasos metros de las torres de UTA<\/a>.<\/p>\n<p>&nbsp;<\/p>\n<p><img data-recalc-dims=\"1\" loading=\"lazy\" decoding=\"async\" class=\"alignnone size-full wp-image-23404\" src=\"https:\/\/i0.wp.com\/cdnoticias.com\/wp-content\/uploads\/2021\/06\/cocaina01.jpg?resize=800%2C445&#038;ssl=1\" alt=\"\" width=\"800\" height=\"445\" srcset=\"https:\/\/i0.wp.com\/cdnoticias.com\/wp-content\/uploads\/2021\/06\/cocaina01.jpg?w=800&amp;ssl=1 800w, https:\/\/i0.wp.com\/cdnoticias.com\/wp-content\/uploads\/2021\/06\/cocaina01.jpg?resize=300%2C167&amp;ssl=1 300w, https:\/\/i0.wp.com\/cdnoticias.com\/wp-content\/uploads\/2021\/06\/cocaina01.jpg?resize=768%2C427&amp;ssl=1 768w\" sizes=\"auto, (max-width: 800px) 100vw, 800px\" \/><\/p>\n<p>&nbsp;<\/p>\n<p>Si bien se evit\u00f3 arrojar mayores precisiones debido a que todo se encuentra en plena \u201cetapa investigativa\u201d, el funcionario judicial revel\u00f3 que <strong>el pesaje de la sustancia arroj\u00f3 alrededor de 7,300 kilos de coca\u00edna. \u201cEs todo coca\u00edna lo secuestrado\u201d<\/strong>, agreg\u00f3 ante la consulta de medios presentes.<\/p>\n<p>&nbsp;<\/p>\n<p>Quien tambi\u00e9n tom\u00f3 la palabra fue el comisario inspector Roberto Landoni, titular de la Estaci\u00f3n de Polic\u00eda Departamental de Olavarr\u00eda, quien <strong>puso el acento en la relevancia del procedimiento, que tuvo como su inicio la labor de agentes del Comando de Patrullas<\/strong>, tarea que luego fue complementada no s\u00f3lo desde la comisar\u00eda Segunda, sino tambi\u00e9n la Divisi\u00f3n de Drogas Il\u00edcitas, SubDDI y polic\u00eda Cient\u00edfica.<\/p>\n<p>&nbsp;<\/p>\n<p><img data-recalc-dims=\"1\" loading=\"lazy\" decoding=\"async\" class=\"alignnone size-full wp-image-23403\" src=\"https:\/\/i0.wp.com\/cdnoticias.com\/wp-content\/uploads\/2021\/06\/cocaina02.jpg?resize=800%2C445&#038;ssl=1\" alt=\"\" width=\"800\" height=\"445\" srcset=\"https:\/\/i0.wp.com\/cdnoticias.com\/wp-content\/uploads\/2021\/06\/cocaina02.jpg?w=800&amp;ssl=1 800w, https:\/\/i0.wp.com\/cdnoticias.com\/wp-content\/uploads\/2021\/06\/cocaina02.jpg?resize=300%2C167&amp;ssl=1 300w, https:\/\/i0.wp.com\/cdnoticias.com\/wp-content\/uploads\/2021\/06\/cocaina02.jpg?resize=768%2C427&amp;ssl=1 768w\" sizes=\"auto, (max-width: 800px) 100vw, 800px\" \/><\/p>\n<p>&nbsp;<\/p>\n<p>Tanto el fiscal como el jefe Departamental Local evitaron ampliar en las precisiones pero <strong>confirmaron que al momento no hay personas aprehendidas o detenidas por el hallazgo.<\/strong><\/p>\n<p>&nbsp;<\/p>\n<p>Las primeras versiones dieron cuenta que el hallazgo se habr\u00eda dado tras la apertura de una cochera que se encontraba en aparente desuso desde hac\u00eda ya un tiempo debido al cambio de locatario. No obstante ello, <strong>persisten las averiguaciones y medidas de prueba para establecer qui\u00e9n es el due\u00f1o de los elementos incautados, entre los que se encuentran tambi\u00e9n tres armas de fuego<\/strong>.<\/p>\n","protected":false},"excerpt":{"rendered":"<p>As\u00ed lo revel\u00f3 y enfatiz\u00f3 el fiscal de estupefacientes Lucas Moyano, sobre el operativo que se despleg\u00f3 en el barrio<\/p>\n","protected":false},"author":3,"featured_media":23405,"comment_status":"closed","ping_status":"closed","sticky":false,"template":"","format":"standard","meta":{"_jetpack_memberships_contains_paid_content":false,"footnotes":""},"categories":[14,1],"tags":[],"class_list":["post-23400","post","type-post","status-publish","format-standard","has-post-thumbnail","hentry","category-policiales","category-portada"],"jetpack_featured_media_url":"https:\/\/i0.wp.com\/cdnoticias.com\/wp-content\/uploads\/2021\/06\/cocaina.jpg?fit=800%2C445&ssl=1","jetpack_sharing_enabled":true,"_links":{"self":[{"href":"https:\/\/cdnoticias.com\/index.php\/wp-json\/wp\/v2\/posts\/23400","targetHints":{"allow":["GET"]}}],"collection":[{"href":"https:\/\/cdnoticias.com\/index.php\/wp-json\/wp\/v2\/posts"}],"about":[{"href":"https:\/\/cdnoticias.com\/index.php\/wp-json\/wp\/v2\/types\/post"}],"author":[{"embeddable":true,"href":"https:\/\/cdnoticias.com\/index.php\/wp-json\/wp\/v2\/users\/3"}],"replies":[{"embeddable":true,"href":"https:\/\/cdnoticias.com\/index.php\/wp-json\/wp\/v2\/comments?post=23400"}],"version-history":[{"count":0,"href":"https:\/\/cdnoticias.com\/index.php\/wp-json\/wp\/v2\/posts\/23400\/revisions"}],"wp:featuredmedia":[{"embeddable":true,"href":"https:\/\/cdnoticias.com\/index.php\/wp-json\/wp\/v2\/media\/23405"}],"wp:attachment":[{"href":"https:\/\/cdnoticias.com\/index.php\/wp-json\/wp\/v2\/media?parent=23400"}],"wp:term":[{"taxonomy":"category","embeddable":true,"href":"https:\/\/cdnoticias.com\/index.php\/wp-json\/wp\/v2\/categories?post=23400"},{"taxonomy":"post_tag","embeddable":true,"href":"https:\/\/cdnoticias.com\/index.php\/wp-json\/wp\/v2\/tags?post=23400"}],"curies":[{"name":"wp","href":"https:\/\/api.w.org\/{rel}","templated":true}]}}