{"id":23386,"date":"2021-06-07T18:03:15","date_gmt":"2021-06-07T21:03:15","guid":{"rendered":"http:\/\/www.centraldenoticias.com.ar\/?p=23386"},"modified":"2021-06-07T18:03:15","modified_gmt":"2021-06-07T21:03:15","slug":"tenia-prohibido-circular-esquivo-un-control-y-choco-un-patrullero","status":"publish","type":"post","link":"https:\/\/cdnoticias.com\/index.php\/2021\/06\/07\/tenia-prohibido-circular-esquivo-un-control-y-choco-un-patrullero\/","title":{"rendered":"Ten\u00eda prohibido circular, esquiv\u00f3 un control y choc\u00f3 un patrullero"},"content":{"rendered":"<p>El particular episodio se registr\u00f3 en el cierre del fin de semana y se tradujo en la captura de un joven de 23 a\u00f1os.<!--more--><\/p>\n<hr \/>\n<p>Un joven de 23 a\u00f1os se encuentra aprehendido y a disposici\u00f3n tanto de la fiscal\u00eda en turno como del Juzgado de Faltas debido a <strong>un particular episodio que se registr\u00f3 durante el cierre del \u00faltimo fin de semana, en el marco de un operativo de tr\u00e1nsito de rutina.<\/strong><\/p>\n<p>&nbsp;<\/p>\n<p>De acuerdo con lo que logr\u00f3 conocer este portal, el joven fue interceptado sobre calle 12 al 3700, en el marco de tareas conjuntas del Comando de Patrullas y comisar\u00eda Segunda, que se originaron luego de que <strong>el conductor de un Fiat Uno evadiera un control y en la maniobra colision\u00f3 con un m\u00f3vil policial, provocando da\u00f1os en el paragolpes delantero.<\/strong><\/p>\n<p>&nbsp;<\/p>\n<p>A la par, cuando finalmente fue interceptado se constat\u00f3<strong> no s\u00f3lo que carec\u00eda de la documentaci\u00f3n correspondiente, sino que reca\u00eda sobre \u00e9l una prohibici\u00f3n para circular<\/strong>, lo que dio lugar al inicio de actuaciones complementarias.<\/p>\n<p>&nbsp;<\/p>\n<p>Por estas horas permanece alojado en la comisar\u00eda Segunda y afronta, por un lado, una causa po<strong>r \u201cdesobediencia\u201d, \u201catentado y resistencia a la autoridad\u201d y \u201cda\u00f1os\u201d<\/strong>, con la intervenci\u00f3n de la fiscal\u00eda en turno, y, a la par, otra por <strong>&#8220;Infracci\u00f3n a la Ley de Tr\u00e1nsito&#8221;<\/strong>, pero con la intervenci\u00f3n del Juzgado de Faltas Municipal.<\/p>\n","protected":false},"excerpt":{"rendered":"<p>El particular episodio se registr\u00f3 en el cierre del fin de semana y se tradujo en la captura de un<\/p>\n","protected":false},"author":2,"featured_media":23388,"comment_status":"closed","ping_status":"closed","sticky":false,"template":"","format":"standard","meta":{"_jetpack_memberships_contains_paid_content":false,"footnotes":""},"categories":[14,1],"tags":[],"class_list":["post-23386","post","type-post","status-publish","format-standard","has-post-thumbnail","hentry","category-policiales","category-portada"],"jetpack_featured_media_url":"https:\/\/i0.wp.com\/cdnoticias.com\/wp-content\/uploads\/2021\/06\/policial.jpg?fit=800%2C445&ssl=1","jetpack_sharing_enabled":true,"_links":{"self":[{"href":"https:\/\/cdnoticias.com\/index.php\/wp-json\/wp\/v2\/posts\/23386","targetHints":{"allow":["GET"]}}],"collection":[{"href":"https:\/\/cdnoticias.com\/index.php\/wp-json\/wp\/v2\/posts"}],"about":[{"href":"https:\/\/cdnoticias.com\/index.php\/wp-json\/wp\/v2\/types\/post"}],"author":[{"embeddable":true,"href":"https:\/\/cdnoticias.com\/index.php\/wp-json\/wp\/v2\/users\/2"}],"replies":[{"embeddable":true,"href":"https:\/\/cdnoticias.com\/index.php\/wp-json\/wp\/v2\/comments?post=23386"}],"version-history":[{"count":0,"href":"https:\/\/cdnoticias.com\/index.php\/wp-json\/wp\/v2\/posts\/23386\/revisions"}],"wp:featuredmedia":[{"embeddable":true,"href":"https:\/\/cdnoticias.com\/index.php\/wp-json\/wp\/v2\/media\/23388"}],"wp:attachment":[{"href":"https:\/\/cdnoticias.com\/index.php\/wp-json\/wp\/v2\/media?parent=23386"}],"wp:term":[{"taxonomy":"category","embeddable":true,"href":"https:\/\/cdnoticias.com\/index.php\/wp-json\/wp\/v2\/categories?post=23386"},{"taxonomy":"post_tag","embeddable":true,"href":"https:\/\/cdnoticias.com\/index.php\/wp-json\/wp\/v2\/tags?post=23386"}],"curies":[{"name":"wp","href":"https:\/\/api.w.org\/{rel}","templated":true}]}}