{"id":23367,"date":"2021-06-07T13:56:01","date_gmt":"2021-06-07T16:56:01","guid":{"rendered":"http:\/\/www.centraldenoticias.com.ar\/?p=23367"},"modified":"2021-06-07T13:56:01","modified_gmt":"2021-06-07T16:56:01","slug":"por-mas-angustia-que-tengamos-hay-que-hacer-sacrificios","status":"publish","type":"post","link":"https:\/\/cdnoticias.com\/index.php\/2021\/06\/07\/por-mas-angustia-que-tengamos-hay-que-hacer-sacrificios\/","title":{"rendered":"\u201cPor m\u00e1s angustia que tengamos, hay que hacer sacrificios\u201d"},"content":{"rendered":"<p>El gobernador Kicillof adelant\u00f3 que podr\u00eda haber nuevas medidas restrictivas en la circulaci\u00f3n en caso de que contin\u00fae las altas tasas de contagio y muerte por COVID.<!--more--><\/p>\n<hr \/>\n<p>En el marco del inicio de una nueva semana en pandemia, y tras el confinamiento del fin de semana, <strong>el gobernador Axel Kicillof admiti\u00f3 que podr\u00eda haber nuevas medidas restrictivas de la circulaci\u00f3n social en caso de sostener una alta cantidad de casos y muertes por COVID.<\/strong><\/p>\n<p>&nbsp;<\/p>\n<p>Dijo que <em>\u201cpor m\u00e1s complejo que sea, por m\u00e1s angustia que tengamos, hay que hacer sacrificios\u201d<\/em>, defini\u00f3.<strong><em> \u201cSi hace falta, se tomar\u00e1n nuevas medidas, porque si no se desborda el sistema o hay miles de contagiados y centenares de muertos\u201d<\/em><\/strong>, agreg\u00f3.<\/p>\n<p>&nbsp;<\/p>\n<blockquote><p>De todas maneras, destac\u00f3 como buena noticia una baja sostenida de los casos positivos promedio, dando cuenta de que las medidas est\u00e1n funcionando: hubo \u201c9.950 casos, cuando ven\u00edamos de 12.000\u2033.<\/p><\/blockquote>\n<p>&nbsp;<\/p>\n<p><em>\u201cLogramos bajarlos, pero si no se hac\u00eda nada, como pretend\u00edan algunos medios, estar\u00edamos en un completo desastre\u201d<\/em>, dijo.<\/p>\n<p>&nbsp;<\/p>\n<p>En otro orden, cuestion\u00f3 que <em>\u201calgunos medios opositores y la oposici\u00f3n se ocupan o parece que gozan con cada dificultad, relatan el partido siempre del lado del virus\u201d.<\/em><\/p>\n<p>&nbsp;<\/p>\n<p><strong><em>\u201cDeben tener una responsabilidad por lo que dicen, acusan de cualquier cosa todo el tiempo, y cuando se ve pinchada la \u00faltima, inventan otra\u201d<\/em><\/strong>, agreg\u00f3.<\/p>\n<p>&nbsp;<\/p>\n<p><em>\u201cTratan de fomentar el odio, la indignaci\u00f3n, la incertidumbre, en una sociedad que est\u00e1 en medio de una calamidad en nuestro pa\u00eds y en el planeta. Tener ah\u00ed, del supuesto nuestro lado de la trinchera, porque son argentinos, todo el tiempo tratando de boicotear, hace todo muy dif\u00edcil\u201d,<\/em> concluy\u00f3.<\/p>\n","protected":false},"excerpt":{"rendered":"<p>El gobernador Kicillof adelant\u00f3 que podr\u00eda haber nuevas medidas restrictivas en la circulaci\u00f3n en caso de que contin\u00fae las altas<\/p>\n","protected":false},"author":2,"featured_media":23371,"comment_status":"closed","ping_status":"closed","sticky":false,"template":"","format":"standard","meta":{"_jetpack_memberships_contains_paid_content":false,"footnotes":""},"categories":[6,1],"tags":[],"class_list":["post-23367","post","type-post","status-publish","format-standard","has-post-thumbnail","hentry","category-nacionales","category-portada"],"jetpack_featured_media_url":"https:\/\/i0.wp.com\/cdnoticias.com\/wp-content\/uploads\/2021\/06\/axel-kici.jpg?fit=949%2C521&ssl=1","jetpack_sharing_enabled":true,"_links":{"self":[{"href":"https:\/\/cdnoticias.com\/index.php\/wp-json\/wp\/v2\/posts\/23367","targetHints":{"allow":["GET"]}}],"collection":[{"href":"https:\/\/cdnoticias.com\/index.php\/wp-json\/wp\/v2\/posts"}],"about":[{"href":"https:\/\/cdnoticias.com\/index.php\/wp-json\/wp\/v2\/types\/post"}],"author":[{"embeddable":true,"href":"https:\/\/cdnoticias.com\/index.php\/wp-json\/wp\/v2\/users\/2"}],"replies":[{"embeddable":true,"href":"https:\/\/cdnoticias.com\/index.php\/wp-json\/wp\/v2\/comments?post=23367"}],"version-history":[{"count":0,"href":"https:\/\/cdnoticias.com\/index.php\/wp-json\/wp\/v2\/posts\/23367\/revisions"}],"wp:featuredmedia":[{"embeddable":true,"href":"https:\/\/cdnoticias.com\/index.php\/wp-json\/wp\/v2\/media\/23371"}],"wp:attachment":[{"href":"https:\/\/cdnoticias.com\/index.php\/wp-json\/wp\/v2\/media?parent=23367"}],"wp:term":[{"taxonomy":"category","embeddable":true,"href":"https:\/\/cdnoticias.com\/index.php\/wp-json\/wp\/v2\/categories?post=23367"},{"taxonomy":"post_tag","embeddable":true,"href":"https:\/\/cdnoticias.com\/index.php\/wp-json\/wp\/v2\/tags?post=23367"}],"curies":[{"name":"wp","href":"https:\/\/api.w.org\/{rel}","templated":true}]}}