{"id":2336,"date":"2020-09-24T11:31:39","date_gmt":"2020-09-24T14:31:39","guid":{"rendered":"http:\/\/www.centraldenoticias.com.ar\/?p=2336"},"modified":"2020-09-24T11:31:39","modified_gmt":"2020-09-24T14:31:39","slug":"alfredo-santillan-q-e-p-d","status":"publish","type":"post","link":"https:\/\/cdnoticias.com\/index.php\/2020\/09\/24\/alfredo-santillan-q-e-p-d\/","title":{"rendered":"Alfredo Santill\u00e1n (Q.E.P.D.)"},"content":{"rendered":"<p>Falleci\u00f3 en Olavarr\u00eda a los 89 a\u00f1os de edad. Su esposa Mar\u00eda Ester Vecchio; sus hijos Silvina Alejandra y Guillermo Alfredo Santill\u00e1n; sus hijos pol\u00edticos Fabi\u00e1n Gonz\u00e1lez y Alejandra Freyre; sus nietas Lara Juliana Santill\u00e1n y Mora Gonz\u00e1lez; su hermana Nelly Santill\u00e1n y dem\u00e1s deudos participan su fallecimiento.<\/p>\n<p>&nbsp;<\/p>\n<p>Sus restos ser\u00e1n inhumados en el Cementerio Loma de Paz este jueves a las 16.30 horas. Nacido en Olavarr\u00eda, vecino de Pueblo Nuevo, jubilado.<\/p>\n","protected":false},"excerpt":{"rendered":"<p>Falleci\u00f3 en Olavarr\u00eda a los 89 a\u00f1os de edad. Su esposa Mar\u00eda Ester Vecchio; sus hijos Silvina Alejandra y Guillermo<\/p>\n","protected":false},"author":2,"featured_media":0,"comment_status":"closed","ping_status":"closed","sticky":false,"template":"","format":"standard","meta":{"_jetpack_memberships_contains_paid_content":false,"footnotes":""},"categories":[10],"tags":[],"class_list":["post-2336","post","type-post","status-publish","format-standard","hentry","category-necrologicas"],"jetpack_featured_media_url":"","jetpack_sharing_enabled":true,"_links":{"self":[{"href":"https:\/\/cdnoticias.com\/index.php\/wp-json\/wp\/v2\/posts\/2336","targetHints":{"allow":["GET"]}}],"collection":[{"href":"https:\/\/cdnoticias.com\/index.php\/wp-json\/wp\/v2\/posts"}],"about":[{"href":"https:\/\/cdnoticias.com\/index.php\/wp-json\/wp\/v2\/types\/post"}],"author":[{"embeddable":true,"href":"https:\/\/cdnoticias.com\/index.php\/wp-json\/wp\/v2\/users\/2"}],"replies":[{"embeddable":true,"href":"https:\/\/cdnoticias.com\/index.php\/wp-json\/wp\/v2\/comments?post=2336"}],"version-history":[{"count":0,"href":"https:\/\/cdnoticias.com\/index.php\/wp-json\/wp\/v2\/posts\/2336\/revisions"}],"wp:attachment":[{"href":"https:\/\/cdnoticias.com\/index.php\/wp-json\/wp\/v2\/media?parent=2336"}],"wp:term":[{"taxonomy":"category","embeddable":true,"href":"https:\/\/cdnoticias.com\/index.php\/wp-json\/wp\/v2\/categories?post=2336"},{"taxonomy":"post_tag","embeddable":true,"href":"https:\/\/cdnoticias.com\/index.php\/wp-json\/wp\/v2\/tags?post=2336"}],"curies":[{"name":"wp","href":"https:\/\/api.w.org\/{rel}","templated":true}]}}