{"id":23359,"date":"2021-06-07T12:34:00","date_gmt":"2021-06-07T15:34:00","guid":{"rendered":"http:\/\/www.centraldenoticias.com.ar\/?p=23359"},"modified":"2021-06-07T12:41:01","modified_gmt":"2021-06-07T15:41:01","slug":"el-municipio-contrato-a-una-persona-del-colectivo-trans-travesti-para-el-area-de-genero","status":"publish","type":"post","link":"https:\/\/cdnoticias.com\/index.php\/2021\/06\/07\/el-municipio-contrato-a-una-persona-del-colectivo-trans-travesti-para-el-area-de-genero\/","title":{"rendered":"El Municipio contrat\u00f3 a una persona del colectivo trans travesti para el \u00e1rea de G\u00e9nero"},"content":{"rendered":"<p>Se trata de La Chicho T\u00e9rez, destacada personalidad en el \u00e1mbito local en materia de diversidad. Se busca \u201cfortalecer el \u00e1rea\u201d en la Direcci\u00f3n.<!--more--><\/p>\n<hr \/>\n<p>El <strong>Municipio de Olavarr\u00eda, a trav\u00e9s de la Direcci\u00f3n de Pol\u00edticas de G\u00e9nero, inform\u00f3 de forma oficial que efectu\u00f3 la contrataci\u00f3n de una persona del colectivo trans travesti para desarrollar tareas en el \u00e1rea de Diversidad del mencionado organismo.<\/strong><\/p>\n<p>&nbsp;<\/p>\n<blockquote><p>Se trata de La Chicho T\u00e9rez, destacada personalidad en el \u00e1mbito local en materia de diversidad, no s\u00f3lo en el plano de la militancia social, sino con amplio recorrido art\u00edstico y cultural.<\/p><\/blockquote>\n<p>&nbsp;<\/p>\n<p>Su incorporaci\u00f3n, responde a <em>\u201cuna necesidad de fortalecer el \u00e1rea mencionada, en vistas a planificar l\u00edneas de acci\u00f3n en materia de diversidad, a nivel promoci\u00f3n, capacitaci\u00f3n, y despliegue de estrategias territoriales, de la mano de la Mesa Intersectorial de Diversidad con la que ya se viene trabajando sostenidamente\u201d<\/em> indicaron mediante el comunicado.<\/p>\n<p>&nbsp;<\/p>\n<p><img data-recalc-dims=\"1\" loading=\"lazy\" decoding=\"async\" class=\"alignnone size-large wp-image-23362\" src=\"https:\/\/i0.wp.com\/cdnoticias.com\/wp-content\/uploads\/2021\/06\/DH-Equipo-Politicas-Genero-1-scaled.jpg?resize=800%2C534&#038;ssl=1\" alt=\"\" width=\"800\" height=\"534\" srcset=\"https:\/\/i0.wp.com\/cdnoticias.com\/wp-content\/uploads\/2021\/06\/DH-Equipo-Politicas-Genero-1-scaled.jpg?resize=1024%2C684&amp;ssl=1 1024w, https:\/\/i0.wp.com\/cdnoticias.com\/wp-content\/uploads\/2021\/06\/DH-Equipo-Politicas-Genero-1-scaled.jpg?resize=300%2C201&amp;ssl=1 300w, https:\/\/i0.wp.com\/cdnoticias.com\/wp-content\/uploads\/2021\/06\/DH-Equipo-Politicas-Genero-1-scaled.jpg?resize=768%2C513&amp;ssl=1 768w, https:\/\/i0.wp.com\/cdnoticias.com\/wp-content\/uploads\/2021\/06\/DH-Equipo-Politicas-Genero-1-scaled.jpg?resize=272%2C182&amp;ssl=1 272w, https:\/\/i0.wp.com\/cdnoticias.com\/wp-content\/uploads\/2021\/06\/DH-Equipo-Politicas-Genero-1-scaled.jpg?w=1600&amp;ssl=1 1600w, https:\/\/i0.wp.com\/cdnoticias.com\/wp-content\/uploads\/2021\/06\/DH-Equipo-Politicas-Genero-1-scaled.jpg?w=2400&amp;ssl=1 2400w\" sizes=\"auto, (max-width: 800px) 100vw, 800px\" \/><\/p>\n<p>&nbsp;<\/p>\n<blockquote><p>A su vez, la contrataci\u00f3n se enmarca en<em> \u201cla decisi\u00f3n pol\u00edtica de<a href=\"https:\/\/cdnoticias.com\/index.php\/2021\/05\/01\/la-municipalidad-abrio-el-portal-de-empleo-para-el-colectivo-trans-travesti\/\" target=\"_blank\" rel=\"noopener\"> cumplir con la Ordenanza de Cupo Laboral Trans que establece como m\u00ednimo, que se ocupe al 1% del plantel municipal total con integrantes del colectivo<\/a>, y es el puntapi\u00e9 inicial para seguir avanzado en estrategias de acci\u00f3n a nivel interno e interinstitucional\u201d.<\/em><\/p><\/blockquote>\n<p>&nbsp;<\/p>\n<p><strong><em>\u201cEsta decisi\u00f3n tiene que ver con el compromiso de la Direcci\u00f3n de Pol\u00edticas de G\u00e9nero de garantizar los derechos de las personas del colectivo, que hist\u00f3ricamente han sufrido la vulneraci\u00f3n de sus derechos fundamentales, y el acceso a espacios de trabajo formal es uno de ellos\u201d<\/em><\/strong>, sostuvo Directora del organismo, Florencia Ju\u00e1rez.<\/p>\n<p>&nbsp;<\/p>\n<p>Con respecto al desarrollo de sus funciones y la implicancia en el equipo de trabajo, sostuvo que\u00a0<em> \u201cla idea es optimizar la atenci\u00f3n y acompa\u00f1amiento hacia el colectivo trans travesti mediante la conformaci\u00f3n de\u00a0 equipos de trabajo que puedan acompa\u00f1ar y contener de manera integral sus demandas y necesidades, no s\u00f3lo en t\u00e9rminos de abordaje de problem\u00e1ticas, sino en pr\u00e1cticas de la cotidianidad que les dificultan el acceso al mercado laboral o a otros derechos (carga burocr\u00e1tica, gesti\u00f3n administrativa, etc.), y de esta manera,\u00a0 facilitarles el camino en el circuito de atenci\u00f3n estatal. As\u00ed que la llegada de La Chicho es un gran avance, y nos llena de satisfacci\u00f3n contar con ella en nuestro equipo, tanto en t\u00e9rminos profesionales como personales\u201d<\/em>, concluy\u00f3 la directora.<\/p>\n","protected":false},"excerpt":{"rendered":"<p>Se trata de La Chicho T\u00e9rez, destacada personalidad en el \u00e1mbito local en materia de diversidad. Se busca \u201cfortalecer el<\/p>\n","protected":false},"author":2,"featured_media":23361,"comment_status":"closed","ping_status":"closed","sticky":false,"template":"","format":"standard","meta":{"_jetpack_memberships_contains_paid_content":false,"footnotes":""},"categories":[3,1],"tags":[],"class_list":["post-23359","post","type-post","status-publish","format-standard","has-post-thumbnail","hentry","category-genero","category-portada"],"jetpack_featured_media_url":"https:\/\/i0.wp.com\/cdnoticias.com\/wp-content\/uploads\/2021\/06\/DH-Equipo-Politicas-Genero-2-scaled.jpg?fit=2560%2C1711&ssl=1","jetpack_sharing_enabled":true,"_links":{"self":[{"href":"https:\/\/cdnoticias.com\/index.php\/wp-json\/wp\/v2\/posts\/23359","targetHints":{"allow":["GET"]}}],"collection":[{"href":"https:\/\/cdnoticias.com\/index.php\/wp-json\/wp\/v2\/posts"}],"about":[{"href":"https:\/\/cdnoticias.com\/index.php\/wp-json\/wp\/v2\/types\/post"}],"author":[{"embeddable":true,"href":"https:\/\/cdnoticias.com\/index.php\/wp-json\/wp\/v2\/users\/2"}],"replies":[{"embeddable":true,"href":"https:\/\/cdnoticias.com\/index.php\/wp-json\/wp\/v2\/comments?post=23359"}],"version-history":[{"count":0,"href":"https:\/\/cdnoticias.com\/index.php\/wp-json\/wp\/v2\/posts\/23359\/revisions"}],"wp:featuredmedia":[{"embeddable":true,"href":"https:\/\/cdnoticias.com\/index.php\/wp-json\/wp\/v2\/media\/23361"}],"wp:attachment":[{"href":"https:\/\/cdnoticias.com\/index.php\/wp-json\/wp\/v2\/media?parent=23359"}],"wp:term":[{"taxonomy":"category","embeddable":true,"href":"https:\/\/cdnoticias.com\/index.php\/wp-json\/wp\/v2\/categories?post=23359"},{"taxonomy":"post_tag","embeddable":true,"href":"https:\/\/cdnoticias.com\/index.php\/wp-json\/wp\/v2\/tags?post=23359"}],"curies":[{"name":"wp","href":"https:\/\/api.w.org\/{rel}","templated":true}]}}