{"id":2334,"date":"2020-09-24T11:29:45","date_gmt":"2020-09-24T14:29:45","guid":{"rendered":"http:\/\/www.centraldenoticias.com.ar\/?p=2334"},"modified":"2020-09-24T11:29:45","modified_gmt":"2020-09-24T14:29:45","slug":"carlos-vicente-olivetto-q-e-p-d","status":"publish","type":"post","link":"https:\/\/cdnoticias.com\/index.php\/2020\/09\/24\/carlos-vicente-olivetto-q-e-p-d\/","title":{"rendered":"Carlos Vicente Olivetto (Q.E.P.D.)"},"content":{"rendered":"<p>Falleci\u00f3 en Olavarr\u00eda a los 82 a\u00f1os de edad. Su esposa Hilda Leonor Turchese; sus hijos Mar\u00eda Celia, M\u00f3nica Paula y Laura B. Olivetto; sus hijos pol\u00edticos Daniel Moris y Mariano Grumblat; sus nietos Cintia y Nicol\u00e1s Moris, Emanuel y Agust\u00edn Ripol Olivetto, Lucas y Franco Grumblat; sus nietos pol\u00edticos Maximiliano Tolosa, Camila Sosa y dem\u00e1s deudos participan su fallecimiento.<\/p>\n<p>&nbsp;<\/p>\n<p>Sus restos ser\u00e1n inhumados en el Cementerio Loma de Paz este jueves a las 14.30 horas. Nacido en Olavarr\u00eda, vecino del barrio San Vicente, jubilado.<\/p>\n","protected":false},"excerpt":{"rendered":"<p>Falleci\u00f3 en Olavarr\u00eda a los 82 a\u00f1os de edad. Su esposa Hilda Leonor Turchese; sus hijos Mar\u00eda Celia, M\u00f3nica Paula<\/p>\n","protected":false},"author":2,"featured_media":0,"comment_status":"closed","ping_status":"closed","sticky":false,"template":"","format":"standard","meta":{"_jetpack_memberships_contains_paid_content":false,"footnotes":""},"categories":[10],"tags":[],"class_list":["post-2334","post","type-post","status-publish","format-standard","hentry","category-necrologicas"],"jetpack_featured_media_url":"","jetpack_sharing_enabled":true,"_links":{"self":[{"href":"https:\/\/cdnoticias.com\/index.php\/wp-json\/wp\/v2\/posts\/2334","targetHints":{"allow":["GET"]}}],"collection":[{"href":"https:\/\/cdnoticias.com\/index.php\/wp-json\/wp\/v2\/posts"}],"about":[{"href":"https:\/\/cdnoticias.com\/index.php\/wp-json\/wp\/v2\/types\/post"}],"author":[{"embeddable":true,"href":"https:\/\/cdnoticias.com\/index.php\/wp-json\/wp\/v2\/users\/2"}],"replies":[{"embeddable":true,"href":"https:\/\/cdnoticias.com\/index.php\/wp-json\/wp\/v2\/comments?post=2334"}],"version-history":[{"count":0,"href":"https:\/\/cdnoticias.com\/index.php\/wp-json\/wp\/v2\/posts\/2334\/revisions"}],"wp:attachment":[{"href":"https:\/\/cdnoticias.com\/index.php\/wp-json\/wp\/v2\/media?parent=2334"}],"wp:term":[{"taxonomy":"category","embeddable":true,"href":"https:\/\/cdnoticias.com\/index.php\/wp-json\/wp\/v2\/categories?post=2334"},{"taxonomy":"post_tag","embeddable":true,"href":"https:\/\/cdnoticias.com\/index.php\/wp-json\/wp\/v2\/tags?post=2334"}],"curies":[{"name":"wp","href":"https:\/\/api.w.org\/{rel}","templated":true}]}}