{"id":23329,"date":"2021-06-06T20:24:14","date_gmt":"2021-06-06T23:24:14","guid":{"rendered":"http:\/\/www.centraldenoticias.com.ar\/?p=23329"},"modified":"2021-06-06T20:24:14","modified_gmt":"2021-06-06T23:24:14","slug":"rompio-las-ventanas-de-la-terminal-de-sierras-bayas-y-fue-capturado","status":"publish","type":"post","link":"https:\/\/cdnoticias.com\/index.php\/2021\/06\/06\/rompio-las-ventanas-de-la-terminal-de-sierras-bayas-y-fue-capturado\/","title":{"rendered":"Rompi\u00f3 las ventanas de la Terminal de Sierras Bayas y fue capturado"},"content":{"rendered":"<p>Ocurri\u00f3 en la ma\u00f1ana de este domingo y fue interceptado por personal policial, que le incaut\u00f3 adem\u00e1s un \u201cbid\u00f3n con l\u00edquido inflamable\u201d.<!--more--><\/p>\n<hr \/>\n<p>Un particular y preocupante episodio se registr\u00f3 en el inicio de la jornada de este domingo en Sierras Bayas, m\u00e1s precisamente en la <strong>Terminal de \u00d3mnibus de la localidad serrana, donde un joven rompi\u00f3 las ventanas laterales del lugar<\/strong>.<\/p>\n<p>&nbsp;<\/p>\n<p>Lo llamativo es que, adem\u00e1s de un \u201celemento contundente\u201d con el que se presume que destroz\u00f3 los vidrios,<strong> tambi\u00e9n se le hall\u00f3 un \u201cbid\u00f3n con l\u00edquido inflamable\u201d, seg\u00fan le fue narrado a este portal.<\/strong><\/p>\n<p>&nbsp;<\/p>\n<p><img data-recalc-dims=\"1\" loading=\"lazy\" decoding=\"async\" class=\"alignnone size-large wp-image-23331\" src=\"https:\/\/i0.wp.com\/cdnoticias.com\/wp-content\/uploads\/2021\/06\/WhatsApp-Image-2021-06-06-at-20.22.33-1.jpeg?resize=800%2C498&#038;ssl=1\" alt=\"\" width=\"800\" height=\"498\" srcset=\"https:\/\/i0.wp.com\/cdnoticias.com\/wp-content\/uploads\/2021\/06\/WhatsApp-Image-2021-06-06-at-20.22.33-1.jpeg?resize=1024%2C638&amp;ssl=1 1024w, https:\/\/i0.wp.com\/cdnoticias.com\/wp-content\/uploads\/2021\/06\/WhatsApp-Image-2021-06-06-at-20.22.33-1.jpeg?resize=300%2C187&amp;ssl=1 300w, https:\/\/i0.wp.com\/cdnoticias.com\/wp-content\/uploads\/2021\/06\/WhatsApp-Image-2021-06-06-at-20.22.33-1.jpeg?resize=768%2C479&amp;ssl=1 768w, https:\/\/i0.wp.com\/cdnoticias.com\/wp-content\/uploads\/2021\/06\/WhatsApp-Image-2021-06-06-at-20.22.33-1.jpeg?w=1280&amp;ssl=1 1280w\" sizes=\"auto, (max-width: 800px) 100vw, 800px\" \/><\/p>\n<p>&nbsp;<\/p>\n<p>Todo sucedi\u00f3 alrededor de las 7.30 y el acusado, un joven de 19 a\u00f1os, <strong>fue interceptado en las inmediaciones del cruce de Rivadavia y Ambrosio Colombo por personal policial.<\/strong><\/p>\n<p>&nbsp;<\/p>\n<p>Se le inici\u00f3 una causa por <strong>\u201cda\u00f1o in fraganti delito\u201d<\/strong> y ahora se encuentra a disposici\u00f3n de la fiscal\u00eda en turno, la UFI 10 del doctor Miguel Pi\u00f1eiro.<\/p>\n","protected":false},"excerpt":{"rendered":"<p>Ocurri\u00f3 en la ma\u00f1ana de este domingo y fue interceptado por personal policial, que le incaut\u00f3 adem\u00e1s un \u201cbid\u00f3n con<\/p>\n","protected":false},"author":3,"featured_media":23330,"comment_status":"closed","ping_status":"closed","sticky":false,"template":"","format":"standard","meta":{"_jetpack_memberships_contains_paid_content":false,"footnotes":""},"categories":[14,1],"tags":[],"class_list":["post-23329","post","type-post","status-publish","format-standard","has-post-thumbnail","hentry","category-policiales","category-portada"],"jetpack_featured_media_url":"https:\/\/i0.wp.com\/cdnoticias.com\/wp-content\/uploads\/2021\/06\/WhatsApp-Image-2021-06-06-at-19.56.41.jpeg?fit=1280%2C640&ssl=1","jetpack_sharing_enabled":true,"_links":{"self":[{"href":"https:\/\/cdnoticias.com\/index.php\/wp-json\/wp\/v2\/posts\/23329","targetHints":{"allow":["GET"]}}],"collection":[{"href":"https:\/\/cdnoticias.com\/index.php\/wp-json\/wp\/v2\/posts"}],"about":[{"href":"https:\/\/cdnoticias.com\/index.php\/wp-json\/wp\/v2\/types\/post"}],"author":[{"embeddable":true,"href":"https:\/\/cdnoticias.com\/index.php\/wp-json\/wp\/v2\/users\/3"}],"replies":[{"embeddable":true,"href":"https:\/\/cdnoticias.com\/index.php\/wp-json\/wp\/v2\/comments?post=23329"}],"version-history":[{"count":0,"href":"https:\/\/cdnoticias.com\/index.php\/wp-json\/wp\/v2\/posts\/23329\/revisions"}],"wp:featuredmedia":[{"embeddable":true,"href":"https:\/\/cdnoticias.com\/index.php\/wp-json\/wp\/v2\/media\/23330"}],"wp:attachment":[{"href":"https:\/\/cdnoticias.com\/index.php\/wp-json\/wp\/v2\/media?parent=23329"}],"wp:term":[{"taxonomy":"category","embeddable":true,"href":"https:\/\/cdnoticias.com\/index.php\/wp-json\/wp\/v2\/categories?post=23329"},{"taxonomy":"post_tag","embeddable":true,"href":"https:\/\/cdnoticias.com\/index.php\/wp-json\/wp\/v2\/tags?post=23329"}],"curies":[{"name":"wp","href":"https:\/\/api.w.org\/{rel}","templated":true}]}}