{"id":23250,"date":"2021-06-05T18:18:08","date_gmt":"2021-06-05T21:18:08","guid":{"rendered":"http:\/\/www.centraldenoticias.com.ar\/?p=23250"},"modified":"2021-06-05T18:18:08","modified_gmt":"2021-06-05T21:18:08","slug":"el-foro-olavarria-presenta-la-serie-audiovisual-personas-que-hacen","status":"publish","type":"post","link":"https:\/\/cdnoticias.com\/index.php\/2021\/06\/05\/el-foro-olavarria-presenta-la-serie-audiovisual-personas-que-hacen\/","title":{"rendered":"El Foro Olavarr\u00eda presenta la serie audiovisual \u201cPersonas que Hacen\u201d"},"content":{"rendered":"<p>Es a trav\u00e9s de las redes sociales del espacio que lideran Eduardo Rodr\u00edguez e In\u00e9s Creimer.<!--more--><\/p>\n<hr \/>\n<p>El Foro Olavarr\u00eda, espacio que lideran la Concejala In\u00e9s Creimer y el Concejal Eduardo Rodr\u00edguez, presenta una serie audiovisual titulada <strong>\u201cPersonas que hacen\u201d, que re\u00fane la historia de vecinas y vecinos que unen acciones en bien de la comunidad de Olavarr\u00eda<\/strong>.<\/p>\n<p>&nbsp;<\/p>\n<p>Al respecto, Liz Herrera, coordinadora del Foro Social del Foro Olavarr\u00eda,\u00a0 expres\u00f3 \u201cque la serie audiovisual pondr\u00e1 en valor el trabajo de distintas personas que en \u00e1mbitos diversos aportan a la construcci\u00f3n de la ciudad\u201d. \u201cEn el primer cap\u00edtulo de &#8216;Personas que Hacen&#8217; podr\u00e1 verse la <strong>actividad de un comedor comunitario ubicado en el barrio Los Eucaliptus cuya labor est\u00e1 a cargo de Marisa Aguirre<\/strong>\u201d inform\u00f3 Liz Herrera.<\/p>\n<p>&nbsp;<\/p>\n<div class=\"jetpack-video-wrapper\"><iframe loading=\"lazy\" width=\"800\" height=\"450\" src=\"https:\/\/www.youtube.com\/embed\/MWGxyJ40i-8?start=1&#038;feature=oembed\" frameborder=\"0\" allow=\"accelerometer; autoplay; clipboard-write; encrypted-media; gyroscope; picture-in-picture\" allowfullscreen><\/iframe><\/div>\n<p>&nbsp;<\/p>\n<p>Sobre el Foro Social del Foro Olavarr\u00eda, Liz Herrera manifest\u00f3 que &#8220;venimos trabajando desde hace tiempo con un equipo de personas con el cual nos encontramos en un espacio plural, abierto y diverso en el que nos convoca la participaci\u00f3n ciudadana\u201d. \u201cIntegrar el Foro Social supone una alianza con gente que comparte diferentes miradas desde lo comunitario y colectivo\u201d a lo que agreg\u00f3 que <strong>\u201cesto nos permite gestionar fortaleciendo el bien com\u00fan, pudiendo acompa\u00f1ar, colaborar y siempre construir desde la participaci\u00f3n activa\u201d<\/strong>.\u00a0 \u201cFrente a las necesidades concretas de vecinas y vecinos, desde el Foro Social\u00a0 buscamos dar respuestas articulando con distintos organismos Nacionales y Provinciales y en red con organizaciones sociales y el bloque de Concejales del Foro Olavarr\u00eda\u201d manifest\u00f3 la coordinadora Liz Herrera.<\/p>\n<p>&nbsp;<\/p>\n<p>El primer cap\u00edtulo de \u201cPersonas que Hacen\u201d puede verse a trav\u00e9s de las redes sociales del Foro Olavarr\u00eda. <strong>El material fue producido por el equipo integrado por Agust\u00edn Alfonzo, Luis Donatelli y Gonzalo Cabri.<\/strong><\/p>\n<p>&nbsp;<\/p>\n","protected":false},"excerpt":{"rendered":"<p>Es a trav\u00e9s de las redes sociales del espacio que lideran Eduardo Rodr\u00edguez e In\u00e9s Creimer.<\/p>\n","protected":false},"author":3,"featured_media":23251,"comment_status":"closed","ping_status":"closed","sticky":false,"template":"","format":"standard","meta":{"_jetpack_memberships_contains_paid_content":false,"footnotes":""},"categories":[9],"tags":[],"class_list":["post-23250","post","type-post","status-publish","format-standard","has-post-thumbnail","hentry","category-cultura"],"jetpack_featured_media_url":"https:\/\/i0.wp.com\/cdnoticias.com\/wp-content\/uploads\/2021\/06\/Marisa-Aguirre.jpeg?fit=1599%2C899&ssl=1","jetpack_sharing_enabled":true,"_links":{"self":[{"href":"https:\/\/cdnoticias.com\/index.php\/wp-json\/wp\/v2\/posts\/23250","targetHints":{"allow":["GET"]}}],"collection":[{"href":"https:\/\/cdnoticias.com\/index.php\/wp-json\/wp\/v2\/posts"}],"about":[{"href":"https:\/\/cdnoticias.com\/index.php\/wp-json\/wp\/v2\/types\/post"}],"author":[{"embeddable":true,"href":"https:\/\/cdnoticias.com\/index.php\/wp-json\/wp\/v2\/users\/3"}],"replies":[{"embeddable":true,"href":"https:\/\/cdnoticias.com\/index.php\/wp-json\/wp\/v2\/comments?post=23250"}],"version-history":[{"count":0,"href":"https:\/\/cdnoticias.com\/index.php\/wp-json\/wp\/v2\/posts\/23250\/revisions"}],"wp:featuredmedia":[{"embeddable":true,"href":"https:\/\/cdnoticias.com\/index.php\/wp-json\/wp\/v2\/media\/23251"}],"wp:attachment":[{"href":"https:\/\/cdnoticias.com\/index.php\/wp-json\/wp\/v2\/media?parent=23250"}],"wp:term":[{"taxonomy":"category","embeddable":true,"href":"https:\/\/cdnoticias.com\/index.php\/wp-json\/wp\/v2\/categories?post=23250"},{"taxonomy":"post_tag","embeddable":true,"href":"https:\/\/cdnoticias.com\/index.php\/wp-json\/wp\/v2\/tags?post=23250"}],"curies":[{"name":"wp","href":"https:\/\/api.w.org\/{rel}","templated":true}]}}