{"id":2324,"date":"2020-09-24T10:58:43","date_gmt":"2020-09-24T13:58:43","guid":{"rendered":"http:\/\/www.centraldenoticias.com.ar\/?p=2324"},"modified":"2020-09-24T10:58:43","modified_gmt":"2020-09-24T13:58:43","slug":"realizan-modificaciones-en-premios-dina-pontoni-y-florentina-gomez-miranda","status":"publish","type":"post","link":"https:\/\/cdnoticias.com\/index.php\/2020\/09\/24\/realizan-modificaciones-en-premios-dina-pontoni-y-florentina-gomez-miranda\/","title":{"rendered":"Realizan modificaciones en premios Dina Pontoni y Florentina G\u00f3mez Miranda"},"content":{"rendered":"<p>Regularizaron las categor\u00edas de las distinciones y, adem\u00e1s, los montos econ\u00f3micos que recibir\u00e1 la mujer distinguida con el premio \u201cG\u00f3mez Miranda\u201d. Explicaron que esto \u201cconstituye en ayudas importantes para la ejecuci\u00f3n y mejora de los proyectos presentados\u201d.<!--more--><\/p>\n<hr \/>\n<p>En una nueva sesi\u00f3n ordinaria del Concejo Deliberante, <strong>se aprobaron modificaciones en las distinciones \u201cDina Pontoni\u201d y \u201cFlorentina G\u00f3mez Miranda\u201d que no s\u00f3lo son reconocimientos para mujeres de la ciudad sino que adem\u00e1s tendr\u00e1n un acompa\u00f1amiento econ\u00f3mico regulado por ordenanza.<\/strong><\/p>\n<p>&nbsp;<\/p>\n<blockquote><p>Entendiendo que no hab\u00eda criterios fijos, se busc\u00f3 regular el monto del premio que recibe la mujer distinguida \u201cque se constituye en ayudas importantes para la ejecuci\u00f3n y mejora de los proyectos presentados\u201d.<\/p><\/blockquote>\n<p>&nbsp;<\/p>\n<p>Adem\u00e1s de una placa y un diploma,<strong> la mujer ganadora del premio \u201cFlorentina G\u00f3mez Miranda\u201d recibir\u00e1 un monto igual a dos salarios de un trabajador municipal.<\/strong><\/p>\n<p>&nbsp;<\/p>\n<p><img data-recalc-dims=\"1\" loading=\"lazy\" decoding=\"async\" class=\"alignnone size-full wp-image-2325\" src=\"https:\/\/i0.wp.com\/cdnoticias.com\/wp-content\/uploads\/2020\/09\/WhatsApp-Image-2020-09-24-at-09.53.41.jpg?resize=800%2C558&#038;ssl=1\" alt=\"\" width=\"800\" height=\"558\" srcset=\"https:\/\/i0.wp.com\/cdnoticias.com\/wp-content\/uploads\/2020\/09\/WhatsApp-Image-2020-09-24-at-09.53.41.jpg?w=908&amp;ssl=1 908w, https:\/\/i0.wp.com\/cdnoticias.com\/wp-content\/uploads\/2020\/09\/WhatsApp-Image-2020-09-24-at-09.53.41.jpg?resize=300%2C209&amp;ssl=1 300w, https:\/\/i0.wp.com\/cdnoticias.com\/wp-content\/uploads\/2020\/09\/WhatsApp-Image-2020-09-24-at-09.53.41.jpg?resize=768%2C535&amp;ssl=1 768w, https:\/\/i0.wp.com\/cdnoticias.com\/wp-content\/uploads\/2020\/09\/WhatsApp-Image-2020-09-24-at-09.53.41.jpg?resize=392%2C272&amp;ssl=1 392w, https:\/\/i0.wp.com\/cdnoticias.com\/wp-content\/uploads\/2020\/09\/WhatsApp-Image-2020-09-24-at-09.53.41.jpg?resize=130%2C90&amp;ssl=1 130w\" sizes=\"auto, (max-width: 800px) 100vw, 800px\" \/><\/p>\n<p>&nbsp;<\/p>\n<p>Con respecto a los premios Dina Pontoni, en tanto, <strong>se definieron las categor\u00edas por las cuales ser\u00e1n distinguidas las mujeres de la ciudad.<\/strong> Se tomar\u00e1 en cuenta el Compromiso<em> \u201ccon el desarrollo Socio comunitario; con la pol\u00edtica; el Arte y la Cultura; la Educaci\u00f3n, la Ciencia y la Tecnolog\u00eda; los derechos humanos; el derecho a la informaci\u00f3n y la comunicaci\u00f3n; el deporte\u201d.<\/em><\/p>\n<p>&nbsp;<\/p>\n<p>Adem\u00e1s,<em> \u201ccon la vida espiritual y religiosa; con la Empresa, el Comercio y la Econom\u00eda Popular; con el Campo y la vida rural; con la Salud y con la lucha por la igualdad y equidad de g\u00e9nero\u201d.<\/em><\/p>\n","protected":false},"excerpt":{"rendered":"<p>Regularizaron las categor\u00edas de las distinciones y, adem\u00e1s, los montos econ\u00f3micos que recibir\u00e1 la mujer distinguida con el premio \u201cG\u00f3mez<\/p>\n","protected":false},"author":2,"featured_media":2326,"comment_status":"closed","ping_status":"closed","sticky":false,"template":"","format":"standard","meta":{"_jetpack_memberships_contains_paid_content":false,"footnotes":""},"categories":[4,1],"tags":[],"class_list":["post-2324","post","type-post","status-publish","format-standard","has-post-thumbnail","hentry","category-politica","category-portada"],"jetpack_featured_media_url":"https:\/\/i0.wp.com\/cdnoticias.com\/wp-content\/uploads\/2020\/09\/WhatsApp-Image-2020-09-24-at-09.14.20.jpg?fit=974%2C660&ssl=1","jetpack_sharing_enabled":true,"_links":{"self":[{"href":"https:\/\/cdnoticias.com\/index.php\/wp-json\/wp\/v2\/posts\/2324","targetHints":{"allow":["GET"]}}],"collection":[{"href":"https:\/\/cdnoticias.com\/index.php\/wp-json\/wp\/v2\/posts"}],"about":[{"href":"https:\/\/cdnoticias.com\/index.php\/wp-json\/wp\/v2\/types\/post"}],"author":[{"embeddable":true,"href":"https:\/\/cdnoticias.com\/index.php\/wp-json\/wp\/v2\/users\/2"}],"replies":[{"embeddable":true,"href":"https:\/\/cdnoticias.com\/index.php\/wp-json\/wp\/v2\/comments?post=2324"}],"version-history":[{"count":0,"href":"https:\/\/cdnoticias.com\/index.php\/wp-json\/wp\/v2\/posts\/2324\/revisions"}],"wp:featuredmedia":[{"embeddable":true,"href":"https:\/\/cdnoticias.com\/index.php\/wp-json\/wp\/v2\/media\/2326"}],"wp:attachment":[{"href":"https:\/\/cdnoticias.com\/index.php\/wp-json\/wp\/v2\/media?parent=2324"}],"wp:term":[{"taxonomy":"category","embeddable":true,"href":"https:\/\/cdnoticias.com\/index.php\/wp-json\/wp\/v2\/categories?post=2324"},{"taxonomy":"post_tag","embeddable":true,"href":"https:\/\/cdnoticias.com\/index.php\/wp-json\/wp\/v2\/tags?post=2324"}],"curies":[{"name":"wp","href":"https:\/\/api.w.org\/{rel}","templated":true}]}}