{"id":2320,"date":"2020-09-24T09:49:24","date_gmt":"2020-09-24T12:49:24","guid":{"rendered":"http:\/\/www.centraldenoticias.com.ar\/?p=2320"},"modified":"2020-09-24T09:49:24","modified_gmt":"2020-09-24T12:49:24","slug":"legislatura-impulsan-proyecto-para-fortalecimiento-de-las-pymes-bonaerenses","status":"publish","type":"post","link":"https:\/\/cdnoticias.com\/index.php\/2020\/09\/24\/legislatura-impulsan-proyecto-para-fortalecimiento-de-las-pymes-bonaerenses\/","title":{"rendered":"Legislatura: impulsan proyecto para \u201cfortalecimiento de las pymes bonaerenses\u201d"},"content":{"rendered":"<p>El diputado provincial de Juntos por el Cambio, Juan Carrara, present\u00f3 un proyecto de ley que promueve \u201cun nuevo marco legal para la actividad de las micro, peque\u00f1as y medianas empresas en la provincia de Buenos Aires\u201d. Resaltaron la gran cantidad de empleo que brindan estas empresas y el objetivo principal es \u201ctener herramientas para mantener y mejorar emprendimientos\u201d.<!--more--><\/p>\n<hr \/>\n<p>Presentado por el diputado <strong>Juan Carrara, desde la legislatura se buscar\u00e1 impulsar un proyecto de Ley para \u201cfortalecimiento de las pymes bonaerenses\u201d<\/strong> que promueva un nuevo marco legal <em>\u201cpara la actividad de las micro, peque\u00f1as y medianas empresas\u201d<\/em> en la Provincia.<\/p>\n<p>&nbsp;<\/p>\n<p>La iniciativa del Vicepresidente de la Comisi\u00f3n de Industria y Miner\u00eda de la C\u00e1mara de Diputados bonaerense busca que <em>\u201cPyMes, inversores y trabajadores tengan las herramientas necesarias para mantener y mejorar emprendimientos, adem\u00e1s de incorporar nuevas empresas al entramado productivo provincial\u201d.<\/em><\/p>\n<p>&nbsp;<\/p>\n<p><img data-recalc-dims=\"1\" loading=\"lazy\" decoding=\"async\" class=\"alignnone size-full wp-image-2322\" src=\"https:\/\/i0.wp.com\/cdnoticias.com\/wp-content\/uploads\/2020\/09\/diputado-Carrara.jpg?resize=800%2C801&#038;ssl=1\" alt=\"\" width=\"800\" height=\"801\" srcset=\"https:\/\/i0.wp.com\/cdnoticias.com\/wp-content\/uploads\/2020\/09\/diputado-Carrara.jpg?w=820&amp;ssl=1 820w, https:\/\/i0.wp.com\/cdnoticias.com\/wp-content\/uploads\/2020\/09\/diputado-Carrara.jpg?resize=150%2C150&amp;ssl=1 150w, https:\/\/i0.wp.com\/cdnoticias.com\/wp-content\/uploads\/2020\/09\/diputado-Carrara.jpg?resize=300%2C300&amp;ssl=1 300w, https:\/\/i0.wp.com\/cdnoticias.com\/wp-content\/uploads\/2020\/09\/diputado-Carrara.jpg?resize=768%2C769&amp;ssl=1 768w\" sizes=\"auto, (max-width: 800px) 100vw, 800px\" \/><\/p>\n<p>&nbsp;<\/p>\n<p><em>\u201cQueremos que nuestras Pymes tengan estabilidad fiscal y un marco de previsibilidad para que puedan diagramar sus planes productivos en base a una pol\u00edtica de Estado, y que no est\u00e9n atadas a las decisiones coyunturales de corto plazo que afectan la producci\u00f3n y el empleo\u201d<\/em>, sostuvo Carrara respecto a un <strong>sector que representa alrededor del 95% del aparato productivo provincial, generando m\u00e1s del 70% del empleo privado formal y donde m\u00e1s de 1,3 millones de personas desarrollan sus tareas laborales.<\/strong><\/p>\n<p>&nbsp;<\/p>\n<p><strong>Los puntos centrales del proyecto<\/strong> del diputado y referente del PRO por la S\u00e9ptima Secci\u00f3n Electoral son, entre las m\u00e1s destacadas,<em> \u201cpromover la estabilidad fiscal, disminuir la presi\u00f3n tributaria, pago a cuenta de impuestos por inversiones productivas, establecer la Cuenta \u00danica Tributaria y el financiamiento a mediano y largo plazo mediante la creaci\u00f3n del Fondo de la Provincia de Buenos Aires para el Desarrollo de la Micro, Peque\u00f1a y Mediana Empresa para proyectos de inversi\u00f3n productiva\u201d.<\/em> Todos ellos con<em> \u201cel esp\u00edritu de facilitar financiamientos, cr\u00e9ditos, inversiones, capacitaci\u00f3n y equilibrio fiscal\u201d.<\/em><\/p>\n<p>&nbsp;<\/p>\n<blockquote class=\"twitter-tweet\">\n<p dir=\"ltr\" lang=\"es\">Present\u00e9 en <a href=\"https:\/\/twitter.com\/HCDiputadosBA?ref_src=twsrc%5Etfw\">@HCDiputadosBA<\/a> un proyecto de ley de <a href=\"https:\/\/twitter.com\/hashtag\/FortalecimientoPyme?src=hash&amp;ref_src=twsrc%5Etfw\">#FortalecimientoPyme<\/a> para que peque\u00f1as y medianas empresas, inversores y trabajadores, tengan las herramientas necesarias para mantener y mejorar sus emprendimientos, e incorporar nuevas empresas al entramado productivo provincial. <a href=\"https:\/\/t.co\/FD8p5PwFEh\">pic.twitter.com\/FD8p5PwFEh<\/a><\/p>\n<p>\u2014 Juan Carrara (@JuanBCarrara) <a href=\"https:\/\/twitter.com\/JuanBCarrara\/status\/1309084680193560580?ref_src=twsrc%5Etfw\">September 24, 2020<\/a><\/p><\/blockquote>\n<p><script async src=\"https:\/\/platform.twitter.com\/widgets.js\" charset=\"utf-8\"><\/script><\/p>\n<p>&nbsp;<\/p>\n<p><em>&#8220;Como oposici\u00f3n responsable, presentamos esta propuesta que mira m\u00e1s all\u00e1 de la coyuntura. Necesitamos pol\u00edticas de Estado que incorporen el aporte y la mirada de todos los espacios pol\u00edticos, para el beneficio de cada bonaerense. <strong>Ese es el esp\u00edritu de este proyecto<\/strong>&#8220;,<\/em> manifest\u00f3 el diputado Carrara, y a\u00f1adi\u00f3: <em>&#8220;Creemos que es importante brindar herramientas para la actualidad, donde cambiaron la coyuntura y los desaf\u00edos, pero tambi\u00e9n generar herramientas que trasciendan a la pandemia. Todos sabemos que las consecuencias econ\u00f3micas y sociales van a ser graves, y las soluciones tendr\u00e1n que llegar desde la pol\u00edtica, las instituciones y los consensos, con un criterio de largo plazo que establezca una pol\u00edtica productiva orientada a las pr\u00f3ximas d\u00e9cadas de la provincia\u201d.<\/em><\/p>\n<p>&nbsp;<\/p>\n<p>Finalmente, el legislador vidalista afirm\u00f3: <strong><em>&#8220;Este proyecto es el fruto del di\u00e1logo con diversos sectores productivos bonaerenses, emprendedores, especialistas y trabajadores&#8221;<\/em><\/strong>, y concluy\u00f3: <em>&#8220;Esperemos que esta ley sea el puntapi\u00e9 inicial de muchos a\u00f1os de logros y prosperidad en la industria que, en definitiva, se traducir\u00e1 en crecimiento y oportunidades para los ciudadanos de la provincia&#8221;.<\/em><\/p>\n","protected":false},"excerpt":{"rendered":"<p>El diputado provincial de Juntos por el Cambio, Juan Carrara, present\u00f3 un proyecto de ley que promueve \u201cun nuevo marco<\/p>\n","protected":false},"author":2,"featured_media":2321,"comment_status":"closed","ping_status":"closed","sticky":false,"template":"","format":"standard","meta":{"_jetpack_memberships_contains_paid_content":false,"footnotes":""},"categories":[4,1],"tags":[],"class_list":["post-2320","post","type-post","status-publish","format-standard","has-post-thumbnail","hentry","category-politica","category-portada"],"jetpack_featured_media_url":"https:\/\/i0.wp.com\/cdnoticias.com\/wp-content\/uploads\/2020\/09\/pymes-bonaerenses.jpg?fit=1072%2C589&ssl=1","jetpack_sharing_enabled":true,"_links":{"self":[{"href":"https:\/\/cdnoticias.com\/index.php\/wp-json\/wp\/v2\/posts\/2320","targetHints":{"allow":["GET"]}}],"collection":[{"href":"https:\/\/cdnoticias.com\/index.php\/wp-json\/wp\/v2\/posts"}],"about":[{"href":"https:\/\/cdnoticias.com\/index.php\/wp-json\/wp\/v2\/types\/post"}],"author":[{"embeddable":true,"href":"https:\/\/cdnoticias.com\/index.php\/wp-json\/wp\/v2\/users\/2"}],"replies":[{"embeddable":true,"href":"https:\/\/cdnoticias.com\/index.php\/wp-json\/wp\/v2\/comments?post=2320"}],"version-history":[{"count":0,"href":"https:\/\/cdnoticias.com\/index.php\/wp-json\/wp\/v2\/posts\/2320\/revisions"}],"wp:featuredmedia":[{"embeddable":true,"href":"https:\/\/cdnoticias.com\/index.php\/wp-json\/wp\/v2\/media\/2321"}],"wp:attachment":[{"href":"https:\/\/cdnoticias.com\/index.php\/wp-json\/wp\/v2\/media?parent=2320"}],"wp:term":[{"taxonomy":"category","embeddable":true,"href":"https:\/\/cdnoticias.com\/index.php\/wp-json\/wp\/v2\/categories?post=2320"},{"taxonomy":"post_tag","embeddable":true,"href":"https:\/\/cdnoticias.com\/index.php\/wp-json\/wp\/v2\/tags?post=2320"}],"curies":[{"name":"wp","href":"https:\/\/api.w.org\/{rel}","templated":true}]}}