{"id":23180,"date":"2021-06-04T20:05:08","date_gmt":"2021-06-04T23:05:08","guid":{"rendered":"http:\/\/www.centraldenoticias.com.ar\/?p=23180"},"modified":"2021-06-04T21:11:31","modified_gmt":"2021-06-05T00:11:31","slug":"el-doctor-hector-trebucq-seguira-siendo-el-decano-de-la-facultad-de-ciencias-de-la-salud","status":"publish","type":"post","link":"https:\/\/cdnoticias.com\/index.php\/2021\/06\/04\/el-doctor-hector-trebucq-seguira-siendo-el-decano-de-la-facultad-de-ciencias-de-la-salud\/","title":{"rendered":"El doctor H\u00e9ctor Trebucq seguir\u00e1 siendo el decano de la Facultad de Ciencias de la Salud"},"content":{"rendered":"<p>Este viernes se llev\u00f3 a cabo la reuni\u00f3n de Consejo Acad\u00e9mico y fue votada por unanimidad la f\u00f3rmula que integra junto a la licenciada Betina Bernardelli.<!--more--><\/p>\n<hr \/>\n<p>Contin\u00faan llev\u00e1ndose a cabo las elecciones de autoridades en cada una de las unidades acad\u00e9micas que integran la Universidad Nacional del Centro de la Provincia de Buenos Aires, en la que inclusive <a href=\"https:\/\/cdnoticias.com\/index.php\/2021\/05\/28\/marcelo-aba-fue-elegido-como-rector-de-la-unicen\/\" target=\"_blank\" rel=\"noopener\">en los \u00faltimos d\u00edas se vot\u00f3 a Marcelo Aba como rector para el per\u00edodo 2021-2025. <\/a><\/p>\n<p>&nbsp;<\/p>\n<p>En este caso fue el turno de la Facultad de Ciencias de la Salud, que <strong>en la tarde de este viernes, y por plataformas virtuales, tuvo su reuni\u00f3n de Consejo Acad\u00e9mico.<\/strong><\/p>\n<p>&nbsp;<\/p>\n<p><img data-recalc-dims=\"1\" loading=\"lazy\" decoding=\"async\" class=\"alignnone size-large wp-image-23181\" src=\"https:\/\/i0.wp.com\/cdnoticias.com\/wp-content\/uploads\/2021\/06\/1.Trebucq-Bernardelli-Decano-y-Vice.jpg?resize=800%2C600&#038;ssl=1\" alt=\"\" width=\"800\" height=\"600\" srcset=\"https:\/\/i0.wp.com\/cdnoticias.com\/wp-content\/uploads\/2021\/06\/1.Trebucq-Bernardelli-Decano-y-Vice.jpg?resize=1024%2C768&amp;ssl=1 1024w, https:\/\/i0.wp.com\/cdnoticias.com\/wp-content\/uploads\/2021\/06\/1.Trebucq-Bernardelli-Decano-y-Vice.jpg?resize=300%2C225&amp;ssl=1 300w, https:\/\/i0.wp.com\/cdnoticias.com\/wp-content\/uploads\/2021\/06\/1.Trebucq-Bernardelli-Decano-y-Vice.jpg?resize=768%2C576&amp;ssl=1 768w, https:\/\/i0.wp.com\/cdnoticias.com\/wp-content\/uploads\/2021\/06\/1.Trebucq-Bernardelli-Decano-y-Vice.jpg?w=1600&amp;ssl=1 1600w, https:\/\/i0.wp.com\/cdnoticias.com\/wp-content\/uploads\/2021\/06\/1.Trebucq-Bernardelli-Decano-y-Vice.jpg?w=2400&amp;ssl=1 2400w\" sizes=\"auto, (max-width: 800px) 100vw, 800px\" \/><\/p>\n<p>&nbsp;<\/p>\n<p>La ocasi\u00f3n sirvi\u00f3 para elegir autoridades para los pr\u00f3ximos 4 a\u00f1os y por unanimidad<strong> fue votada la f\u00f3rmula integrada por el actual decano, el m\u00e9dico H\u00e9ctor Trebucq, junto a la licenciada Betina Bernardelli.<\/strong><\/p>\n<p>&nbsp;<\/p>\n<p>De acuerdo con lo que se narr\u00f3, <strong>\u201cel mencionado binomio fue electo por unanimidad,\u00a0 por los claustros de docentes, estudiantes, graduados y personal No Docente, respectivamente\u201d<\/strong>.<\/p>\n","protected":false},"excerpt":{"rendered":"<p>Este viernes se llev\u00f3 a cabo la reuni\u00f3n de Consejo Acad\u00e9mico y fue votada por unanimidad la f\u00f3rmula que integra<\/p>\n","protected":false},"author":3,"featured_media":23182,"comment_status":"closed","ping_status":"closed","sticky":false,"template":"","format":"standard","meta":{"_jetpack_memberships_contains_paid_content":false,"footnotes":""},"categories":[5,1],"tags":[],"class_list":["post-23180","post","type-post","status-publish","format-standard","has-post-thumbnail","hentry","category-informacion-general","category-portada"],"jetpack_featured_media_url":"https:\/\/i0.wp.com\/cdnoticias.com\/wp-content\/uploads\/2021\/06\/2.Trebucq-Bernardelli-Decano-y-Vice.jpg?fit=4160%2C3120&ssl=1","jetpack_sharing_enabled":true,"_links":{"self":[{"href":"https:\/\/cdnoticias.com\/index.php\/wp-json\/wp\/v2\/posts\/23180","targetHints":{"allow":["GET"]}}],"collection":[{"href":"https:\/\/cdnoticias.com\/index.php\/wp-json\/wp\/v2\/posts"}],"about":[{"href":"https:\/\/cdnoticias.com\/index.php\/wp-json\/wp\/v2\/types\/post"}],"author":[{"embeddable":true,"href":"https:\/\/cdnoticias.com\/index.php\/wp-json\/wp\/v2\/users\/3"}],"replies":[{"embeddable":true,"href":"https:\/\/cdnoticias.com\/index.php\/wp-json\/wp\/v2\/comments?post=23180"}],"version-history":[{"count":0,"href":"https:\/\/cdnoticias.com\/index.php\/wp-json\/wp\/v2\/posts\/23180\/revisions"}],"wp:featuredmedia":[{"embeddable":true,"href":"https:\/\/cdnoticias.com\/index.php\/wp-json\/wp\/v2\/media\/23182"}],"wp:attachment":[{"href":"https:\/\/cdnoticias.com\/index.php\/wp-json\/wp\/v2\/media?parent=23180"}],"wp:term":[{"taxonomy":"category","embeddable":true,"href":"https:\/\/cdnoticias.com\/index.php\/wp-json\/wp\/v2\/categories?post=23180"},{"taxonomy":"post_tag","embeddable":true,"href":"https:\/\/cdnoticias.com\/index.php\/wp-json\/wp\/v2\/tags?post=23180"}],"curies":[{"name":"wp","href":"https:\/\/api.w.org\/{rel}","templated":true}]}}