{"id":23178,"date":"2021-06-04T19:52:19","date_gmt":"2021-06-04T22:52:19","guid":{"rendered":"http:\/\/www.centraldenoticias.com.ar\/?p=23178"},"modified":"2021-06-04T19:52:19","modified_gmt":"2021-06-04T22:52:19","slug":"eugenio-oscar-fernandez-q-e-p-d","status":"publish","type":"post","link":"https:\/\/cdnoticias.com\/index.php\/2021\/06\/04\/eugenio-oscar-fernandez-q-e-p-d\/","title":{"rendered":"Eugenio Oscar Fern\u00e1ndez (Q.E.P.D.)"},"content":{"rendered":"<p>Falleci\u00f3 en Olavarr\u00eda el d\u00eda 04 de Junio de 2021 a los 69 a\u00f1os de edad. Sus hijos Marcelo, N\u00e9stor, Oscar, Miguel, Marcela, Mariano, Mariana, Gustavo y Celeste, sus hijos pol\u00edticos, sus nietos sus hermanos Ra\u00fal y Teresa, sus sobrinos y dem\u00e1s deudos participan de su fallecimiento.<\/p>\n<p>&nbsp;<\/p>\n<p>Sus restos ser\u00e1n velados este s\u00e1bado desde las 14.30 en la sala velatoria de Espa\u00f1a 2942, departamento B, y ser\u00e1n inhumados desde las 16.30 en el cementerio Loma de Paz, previo responso en la Capilla Ardiente. Servicio adherido a Coopelectric.<\/p>\n<p>&nbsp;<\/p>\n<p>Vicepresidente De La Sociedad De Fomento De 12 De Octubre.<\/p>\n","protected":false},"excerpt":{"rendered":"<p>Falleci\u00f3 en Olavarr\u00eda el d\u00eda 04 de Junio de 2021 a los 69 a\u00f1os de edad. Sus hijos Marcelo, N\u00e9stor,<\/p>\n","protected":false},"author":3,"featured_media":0,"comment_status":"closed","ping_status":"closed","sticky":false,"template":"","format":"standard","meta":{"_jetpack_memberships_contains_paid_content":false,"footnotes":""},"categories":[10],"tags":[],"class_list":["post-23178","post","type-post","status-publish","format-standard","hentry","category-necrologicas"],"jetpack_featured_media_url":"","jetpack_sharing_enabled":true,"_links":{"self":[{"href":"https:\/\/cdnoticias.com\/index.php\/wp-json\/wp\/v2\/posts\/23178","targetHints":{"allow":["GET"]}}],"collection":[{"href":"https:\/\/cdnoticias.com\/index.php\/wp-json\/wp\/v2\/posts"}],"about":[{"href":"https:\/\/cdnoticias.com\/index.php\/wp-json\/wp\/v2\/types\/post"}],"author":[{"embeddable":true,"href":"https:\/\/cdnoticias.com\/index.php\/wp-json\/wp\/v2\/users\/3"}],"replies":[{"embeddable":true,"href":"https:\/\/cdnoticias.com\/index.php\/wp-json\/wp\/v2\/comments?post=23178"}],"version-history":[{"count":0,"href":"https:\/\/cdnoticias.com\/index.php\/wp-json\/wp\/v2\/posts\/23178\/revisions"}],"wp:attachment":[{"href":"https:\/\/cdnoticias.com\/index.php\/wp-json\/wp\/v2\/media?parent=23178"}],"wp:term":[{"taxonomy":"category","embeddable":true,"href":"https:\/\/cdnoticias.com\/index.php\/wp-json\/wp\/v2\/categories?post=23178"},{"taxonomy":"post_tag","embeddable":true,"href":"https:\/\/cdnoticias.com\/index.php\/wp-json\/wp\/v2\/tags?post=23178"}],"curies":[{"name":"wp","href":"https:\/\/api.w.org\/{rel}","templated":true}]}}