{"id":23172,"date":"2021-06-04T19:01:17","date_gmt":"2021-06-04T22:01:17","guid":{"rendered":"http:\/\/www.centraldenoticias.com.ar\/?p=23172"},"modified":"2021-06-04T19:01:17","modified_gmt":"2021-06-04T22:01:17","slug":"ramiro-borzi-la-vacunacion-como-hecho-colectivo-es-lo-que-revierte-este-escenario","status":"publish","type":"post","link":"https:\/\/cdnoticias.com\/index.php\/2021\/06\/04\/ramiro-borzi-la-vacunacion-como-hecho-colectivo-es-lo-que-revierte-este-escenario\/","title":{"rendered":"Ramiro Borzi: \u201cLa vacunaci\u00f3n como hecho colectivo es lo que revierte este escenario\u201d"},"content":{"rendered":"<p>El director de Regi\u00f3n Sanitaria IX, junto a Jorge Garaiz de PAMI y Natalia \u00c1lvarez, coordinadora del Servicio Territorial 2, encabezaron una conferencia de prensa acerca de la \u201cvacunaci\u00f3n espont\u00e1nea\u201d a mayores de 70 a\u00f1os.<!--more--><\/p>\n<hr \/>\n<p><strong>\u201cTuvimos dos grandes noticias hoy\u201d<\/strong>. De esa manera el director de Regi\u00f3n Sanitaria IX, el licenciado Ramiro Borzi, dio inicio a una conferencia de presa en la que se avanz\u00f3 sobre el Programa Provincial de Vacunaci\u00f3n, con especial \u00e9nfasis en el <a href=\"https:\/\/cdnoticias.com\/index.php\/2021\/06\/04\/covid-vacuna-libre-en-la-provincia-para-los-mayores-de-70-anos\/\" target=\"_blank\" rel=\"noopener\">anuncio realizado este viernes por el gobernador Axel Kicillof<\/a>, quien detall\u00f3 que las personas mayores de 70 a\u00f1os podr\u00e1n acercarse a cualquier centro de vacunaci\u00f3n y podr\u00e1n recibir su dosis, sin importar si est\u00e1n o no anotados en los registros. <a href=\"https:\/\/cdnoticias.com\/index.php\/2021\/06\/04\/olavarria-recibira-hoy-10-400-vacunas-contra-el-covid\/\" target=\"_blank\" rel=\"noopener\">La otra \u201cgran noticia\u201d es el arribo a Olavarr\u00eda de 10.400<\/a>,<strong> una cifra r\u00e9cord tanto para la ciudad como para la regi\u00f3n en lo que refiere a la llegada de dosis diarias<\/strong>.<\/p>\n<p>&nbsp;<\/p>\n<p><strong>\u201cEste anuncio del gobernador facilita a mayores de 70 a\u00f1os la accesibilidad a la vacunaci\u00f3n<\/strong> en dos vertientes. Aquellos que est\u00e1n inscriptos y no han tenido el turno, pueden acercarse a cualquier de nuestros cuatro vacunatorios y van a poder vacunarse de forma inmediata y, adem\u00e1s, aquellos que ni siquiera se inscribieron, permite que lleguen a los vacunatorios, se los inscribe y se los vacuna, como decimos nosotros, por demanda espont\u00e1nea\u201d, explic\u00f3 Borzi.<\/p>\n<p>&nbsp;<\/p>\n<p><img data-recalc-dims=\"1\" loading=\"lazy\" decoding=\"async\" class=\"alignnone size-full wp-image-23176\" src=\"https:\/\/i0.wp.com\/cdnoticias.com\/wp-content\/uploads\/2021\/06\/vacunaci%C3%B3n-covid.jpg?resize=800%2C445&#038;ssl=1\" alt=\"\" width=\"800\" height=\"445\" srcset=\"https:\/\/i0.wp.com\/cdnoticias.com\/wp-content\/uploads\/2021\/06\/vacunaci%C3%B3n-covid.jpg?w=800&amp;ssl=1 800w, https:\/\/i0.wp.com\/cdnoticias.com\/wp-content\/uploads\/2021\/06\/vacunaci%C3%B3n-covid.jpg?resize=300%2C167&amp;ssl=1 300w, https:\/\/i0.wp.com\/cdnoticias.com\/wp-content\/uploads\/2021\/06\/vacunaci%C3%B3n-covid.jpg?resize=768%2C427&amp;ssl=1 768w\" sizes=\"auto, (max-width: 800px) 100vw, 800px\" \/><\/p>\n<p>&nbsp;<\/p>\n<p>En ese marco se\u00f1al\u00f3 que <strong>el \u00fanico requisito es presentar DNI para acreditar no s\u00f3lo la edad, sino tambi\u00e9n son vecinos de nuestra ciudad<\/strong>. Luego podr\u00e1n hacerlo de 9 a 18 en cada una de las postas de vacunaci\u00f3n, salvo en la sede de la Mutual Carlos Moreno de Suteba, que tiene atenci\u00f3n hasta las 15.\u00a0\u201cEs la vacunaci\u00f3n como hecho colectivo es lo que revierte este escenario\u201d, enfatiz\u00f3.<\/p>\n<p>&nbsp;<\/p>\n<p>El director de Regi\u00f3n Sanitaria IX aclaro que \u201cestamos hablando de primera dosis\u201d y pidi\u00f3 a los vecinos \u201cque tengan paciencia, que la vacunaci\u00f3n puede ser cualquier de estos d\u00edas siguientes\u201d.<strong> \u201cQue vengan, pero sin atropellarse. Todas las vacunas est\u00e1n disponibles para ellos, son la prioridad uno<\/strong>\u201d, complet\u00f3.<\/p>\n<p>&nbsp;<\/p>\n<p><img data-recalc-dims=\"1\" loading=\"lazy\" decoding=\"async\" class=\"alignnone size-full wp-image-23173\" src=\"https:\/\/i0.wp.com\/cdnoticias.com\/wp-content\/uploads\/2021\/06\/confe02.jpg?resize=800%2C445&#038;ssl=1\" alt=\"\" width=\"800\" height=\"445\" srcset=\"https:\/\/i0.wp.com\/cdnoticias.com\/wp-content\/uploads\/2021\/06\/confe02.jpg?w=800&amp;ssl=1 800w, https:\/\/i0.wp.com\/cdnoticias.com\/wp-content\/uploads\/2021\/06\/confe02.jpg?resize=300%2C167&amp;ssl=1 300w, https:\/\/i0.wp.com\/cdnoticias.com\/wp-content\/uploads\/2021\/06\/confe02.jpg?resize=768%2C427&amp;ssl=1 768w\" sizes=\"auto, (max-width: 800px) 100vw, 800px\" \/><\/p>\n<p>&nbsp;<\/p>\n<p>Quien tambi\u00e9n celebr\u00f3 el anuncio de Provincia fue Natalia \u00c1lvarez, la coordinadora del Servicio Territorial Municipal 2, quien expres\u00f3 que \u201ces una medida excelente\u201d y, en sinton\u00eda con lo dicho por Borzi, agreg\u00f3 que <strong>\u201cva a ser una medida que va a durar en el tiempo, no es necesario que vayan todos ma\u00f1ana\u201d<\/strong>. \u201cQue sea una cuesti\u00f3n ordenada es muy importante para el buen funcionamiento\u201d, concluy\u00f3.<\/p>\n<p>&nbsp;<\/p>\n<p>Por \u00faltimo, quien tambi\u00e9n tom\u00f3 la palabra fue<strong> Jorge Garaiz, el jefe local de PAMI<\/strong>, quien enfatiz\u00f3 que \u201ces una gran noticia para nuestros afiliados\u201d a medida que repasaba las v\u00edas de comunicaci\u00f3n, ya sea la l\u00ednea telef\u00f3nica 422318 o el servicio de WhatsApp a trav\u00e9s del n\u00famero 15612180, para <strong>evacuar cualquier inquietud y asesorar acerca de cu\u00e1l es el centro de vacunaci\u00f3n m\u00e1s cercano<\/strong>.<\/p>\n","protected":false},"excerpt":{"rendered":"<p>El director de Regi\u00f3n Sanitaria IX, junto a Jorge Garaiz de PAMI y Natalia \u00c1lvarez, coordinadora del Servicio Territorial 2,<\/p>\n","protected":false},"author":3,"featured_media":23174,"comment_status":"closed","ping_status":"closed","sticky":false,"template":"","format":"standard","meta":{"_jetpack_memberships_contains_paid_content":false,"footnotes":""},"categories":[16,1],"tags":[],"class_list":["post-23172","post","type-post","status-publish","format-standard","has-post-thumbnail","hentry","category-covid-19","category-portada"],"jetpack_featured_media_url":"https:\/\/i0.wp.com\/cdnoticias.com\/wp-content\/uploads\/2021\/06\/Borzi.jpg?fit=800%2C445&ssl=1","jetpack_sharing_enabled":true,"_links":{"self":[{"href":"https:\/\/cdnoticias.com\/index.php\/wp-json\/wp\/v2\/posts\/23172","targetHints":{"allow":["GET"]}}],"collection":[{"href":"https:\/\/cdnoticias.com\/index.php\/wp-json\/wp\/v2\/posts"}],"about":[{"href":"https:\/\/cdnoticias.com\/index.php\/wp-json\/wp\/v2\/types\/post"}],"author":[{"embeddable":true,"href":"https:\/\/cdnoticias.com\/index.php\/wp-json\/wp\/v2\/users\/3"}],"replies":[{"embeddable":true,"href":"https:\/\/cdnoticias.com\/index.php\/wp-json\/wp\/v2\/comments?post=23172"}],"version-history":[{"count":0,"href":"https:\/\/cdnoticias.com\/index.php\/wp-json\/wp\/v2\/posts\/23172\/revisions"}],"wp:featuredmedia":[{"embeddable":true,"href":"https:\/\/cdnoticias.com\/index.php\/wp-json\/wp\/v2\/media\/23174"}],"wp:attachment":[{"href":"https:\/\/cdnoticias.com\/index.php\/wp-json\/wp\/v2\/media?parent=23172"}],"wp:term":[{"taxonomy":"category","embeddable":true,"href":"https:\/\/cdnoticias.com\/index.php\/wp-json\/wp\/v2\/categories?post=23172"},{"taxonomy":"post_tag","embeddable":true,"href":"https:\/\/cdnoticias.com\/index.php\/wp-json\/wp\/v2\/tags?post=23172"}],"curies":[{"name":"wp","href":"https:\/\/api.w.org\/{rel}","templated":true}]}}