{"id":23145,"date":"2021-06-06T09:37:29","date_gmt":"2021-06-06T12:37:29","guid":{"rendered":"http:\/\/www.centraldenoticias.com.ar\/?p=23145"},"modified":"2021-06-06T10:54:37","modified_gmt":"2021-06-06T13:54:37","slug":"la-mesa-de-cannabis-celebro-la-presentacion-del-marco-regulatorio-para-la-industria","status":"publish","type":"post","link":"https:\/\/cdnoticias.com\/index.php\/2021\/06\/06\/la-mesa-de-cannabis-celebro-la-presentacion-del-marco-regulatorio-para-la-industria\/","title":{"rendered":"La Mesa de Cannabis celebr\u00f3 la presentaci\u00f3n del marco regulatorio para la industria"},"content":{"rendered":"<p>La mesa que funciona en el \u00e1mbito del Concejo Deliberante se expres\u00f3 sobre la propuesta nacional. Un avance para \u201cinversi\u00f3n p\u00fablica y privada en toda la cadena del cannabis medicinal\u201d.<!--more--><\/p>\n<hr \/>\n<p><strong>La Mesa de Cannabis que funciona en el \u00e1mbito del Concejo Deliberante de Olavarr\u00eda se expres\u00f3 en tono celebratorio por la presentaci\u00f3n del \u201cmarco regulatorio para la industria del cannabis\u201d<\/strong>.<\/p>\n<p>&nbsp;<\/p>\n<p>Se trata del proyecto de ley que buscar\u00e1 <strong>brindar el marco regulatorio al desarrollo de la industria del cannabis medicinal y del c\u00e1\u00f1amo industrial<\/strong>, \u201ccon el fin de incentivar la actividad productiva, el empleo y las exportaciones\u201d se resalt\u00f3 desde la mesa que preside el concejal Germ\u00e1n Aramburu (Renovaci\u00f3n Peronista).<\/p>\n<p>&nbsp;<\/p>\n<blockquote><p>\u201cCon el proyecto se buscar\u00e1 brindar un marco regulatorio para inversi\u00f3n p\u00fablica y privada en toda la cadena del cannabis medicinal y complementar la ley 27.350 que ya autoriza el uso terap\u00e9utico y paliativo del cannabis en el pa\u00eds\u201d se agreg\u00f3.<\/p><\/blockquote>\n<p>&nbsp;<\/p>\n<p>Asimismo y ante los avances <strong>se renov\u00f3 el compromiso de los integrantes locales de la Mesa<\/strong>. \u201cArgentina est\u00e1 dando pasos de avanzada en la regi\u00f3n y el mundo, y <strong>estamos convencidos de que nuestra tarea como espacio local interdisciplinario cobra gran relevancia en el aqu\u00ed y ahora<\/strong>. Continuaremos trabajando por pol\u00edticas de Estado que demuestren las capacidades del trabajo colaborativo, el di\u00e1logo y el acceso a la salud de las familias olavarrienses\u201d.<\/p>\n","protected":false},"excerpt":{"rendered":"<p>La mesa que funciona en el \u00e1mbito del Concejo Deliberante se expres\u00f3 sobre la propuesta nacional. Un avance para \u201cinversi\u00f3n<\/p>\n","protected":false},"author":4,"featured_media":20163,"comment_status":"closed","ping_status":"closed","sticky":false,"template":"","format":"standard","meta":{"_jetpack_memberships_contains_paid_content":false,"footnotes":""},"categories":[4,1],"tags":[],"class_list":["post-23145","post","type-post","status-publish","format-standard","has-post-thumbnail","hentry","category-politica","category-portada"],"jetpack_featured_media_url":"https:\/\/i0.wp.com\/cdnoticias.com\/wp-content\/uploads\/2021\/04\/Mesa-de-cannabis-4ta-reunion.jpeg?fit=1280%2C800&ssl=1","jetpack_sharing_enabled":true,"_links":{"self":[{"href":"https:\/\/cdnoticias.com\/index.php\/wp-json\/wp\/v2\/posts\/23145","targetHints":{"allow":["GET"]}}],"collection":[{"href":"https:\/\/cdnoticias.com\/index.php\/wp-json\/wp\/v2\/posts"}],"about":[{"href":"https:\/\/cdnoticias.com\/index.php\/wp-json\/wp\/v2\/types\/post"}],"author":[{"embeddable":true,"href":"https:\/\/cdnoticias.com\/index.php\/wp-json\/wp\/v2\/users\/4"}],"replies":[{"embeddable":true,"href":"https:\/\/cdnoticias.com\/index.php\/wp-json\/wp\/v2\/comments?post=23145"}],"version-history":[{"count":0,"href":"https:\/\/cdnoticias.com\/index.php\/wp-json\/wp\/v2\/posts\/23145\/revisions"}],"wp:featuredmedia":[{"embeddable":true,"href":"https:\/\/cdnoticias.com\/index.php\/wp-json\/wp\/v2\/media\/20163"}],"wp:attachment":[{"href":"https:\/\/cdnoticias.com\/index.php\/wp-json\/wp\/v2\/media?parent=23145"}],"wp:term":[{"taxonomy":"category","embeddable":true,"href":"https:\/\/cdnoticias.com\/index.php\/wp-json\/wp\/v2\/categories?post=23145"},{"taxonomy":"post_tag","embeddable":true,"href":"https:\/\/cdnoticias.com\/index.php\/wp-json\/wp\/v2\/tags?post=23145"}],"curies":[{"name":"wp","href":"https:\/\/api.w.org\/{rel}","templated":true}]}}