{"id":23142,"date":"2021-06-05T13:44:29","date_gmt":"2021-06-05T16:44:29","guid":{"rendered":"http:\/\/www.centraldenoticias.com.ar\/?p=23142"},"modified":"2021-06-05T13:45:49","modified_gmt":"2021-06-05T16:45:49","slug":"el-colegio-de-abogados-destaco-la-designacion-en-la-camara-penal-de-azul","status":"publish","type":"post","link":"https:\/\/cdnoticias.com\/index.php\/2021\/06\/05\/el-colegio-de-abogados-destaco-la-designacion-en-la-camara-penal-de-azul\/","title":{"rendered":"El Colegio de Abogados destac\u00f3 la designaci\u00f3n en la C\u00e1mara Penal de Azul"},"content":{"rendered":"<p>El tandilense Agust\u00edn Echevarr\u00eda fue designado juez en la C\u00e1mara Penal Departamental. Gast\u00f3n Argeri destac\u00f3 que \u201ces una clara se\u00f1al de que la Provincia escucha las necesidades de las comunidades departamentales\u201d.<!--more--><\/p>\n<hr \/>\n<p><strong>El tandilense Agust\u00edn Echevarr\u00eda fue designado en la C\u00e1mara Penal del Departamento Judicial Azul<\/strong>, que incluye a Olavarr\u00eda.<\/p>\n<p>&nbsp;<\/p>\n<p>El <strong>presidente del Colegio de Abogados del Departamento Judicial de Azul, Gast\u00f3n Argeri<\/strong>, celebr\u00f3 la designaci\u00f3n del magistrado tandilense que, tras la aprobaci\u00f3n en el Senado, se convertir\u00e1 en el tercer integrante de la C\u00e1mara Penal, luego de que Axel Kicillof enviara el pliego con designaciones para ocupar cargos de jueces y defensores oficiales, en el \u00e1mbito del Poder Judicial bonaerense.<\/p>\n<p>&nbsp;<\/p>\n<p>\u201cEl proceso de selecci\u00f3n comienza en el Consejo de la Magistratura, donde el juez local ya ven\u00eda integrando la terna de postulantes. <strong>La decisi\u00f3n final queda en manos del Gobernador<\/strong>, quien lo incluy\u00f3 en el pliego para aprobar su nombramiento y, posteriormente, oficializar la designaci\u00f3n\u201d, explic\u00f3 Argeri.<\/p>\n<p>&nbsp;<\/p>\n<p>\u201c<strong>La noticia es alentadora por dos razones<\/strong>. Por un lado, por la <strong>indiscutida trayectoria de Agust\u00edn Echevarr\u00eda<\/strong> en el \u00e1mbito acad\u00e9mico y en el Poder Judicial, en particular, como juez en el Tribunal Oral en lo Criminal, cargo que desempe\u00f1a desde 2009\u201d defini\u00f3.<\/p>\n<p>&nbsp;<\/p>\n<blockquote><p>Y a\u00f1adi\u00f3 que \u201ctambi\u00e9n, y no menos importante, porque pone en valor la palabra del ministro de Justicia de la Provincia, Julio Alak, quien ya nos hab\u00eda referido, a lo largo de los encuentros que mantuvimos durante esta gesti\u00f3n, su intenci\u00f3n de comenzar a paliar dos de las grandes problem\u00e1ticas que afectan al servicio de Justicia de la Provincia, junto con el d\u00e9ficit de la infraestructura edilicia\u201d dijo el presidente del Colegio.<\/p><\/blockquote>\n<p>&nbsp;<\/p>\n<p>En una reuni\u00f3n que <a href=\"https:\/\/cdnoticias.com\/index.php\/2021\/02\/19\/el-ministro-alak-estuvo-en-la-asociacion-de-abogados-de-olavarria\/\" target=\"_blank\" rel=\"noopener\">mantuvimos en Olavarr\u00eda<\/a>, todos coincidimos en la <strong>detecci\u00f3n de las grandes prioridades de la gesti\u00f3n<\/strong>, y cuando hablamos de gesti\u00f3n no s\u00f3lo aludimos a lo dispuesto desde el Ministerio sino tambi\u00e9n al acompa\u00f1amiento y apoyo que se pueden dise\u00f1ar desde las comunidades departamentales\u201d, agreg\u00f3 Argeri.<\/p>\n<p>&nbsp;<\/p>\n<p><img data-recalc-dims=\"1\" loading=\"lazy\" decoding=\"async\" class=\"size-large wp-image-14170 aligncenter\" src=\"https:\/\/i0.wp.com\/cdnoticias.com\/wp-content\/uploads\/2021\/02\/Alak-asociaci%C3%B3n-de-abogados-1-1024x621.jpeg?resize=800%2C485&#038;ssl=1\" alt=\"\" width=\"800\" height=\"485\" srcset=\"https:\/\/i0.wp.com\/cdnoticias.com\/wp-content\/uploads\/2021\/02\/Alak-asociaci%C3%B3n-de-abogados-1.jpeg?resize=1024%2C621&amp;ssl=1 1024w, https:\/\/i0.wp.com\/cdnoticias.com\/wp-content\/uploads\/2021\/02\/Alak-asociaci%C3%B3n-de-abogados-1.jpeg?resize=300%2C182&amp;ssl=1 300w, https:\/\/i0.wp.com\/cdnoticias.com\/wp-content\/uploads\/2021\/02\/Alak-asociaci%C3%B3n-de-abogados-1.jpeg?resize=768%2C466&amp;ssl=1 768w, https:\/\/i0.wp.com\/cdnoticias.com\/wp-content\/uploads\/2021\/02\/Alak-asociaci%C3%B3n-de-abogados-1.jpeg?w=1280&amp;ssl=1 1280w\" sizes=\"auto, (max-width: 800px) 100vw, 800px\" \/><\/p>\n<p>&nbsp;<\/p>\n<p>La primera lista de designaciones remitida a la C\u00e1mara Alta provincial est\u00e1 compuesta por <strong>40 nombres de funcionarios que ocupar\u00e1n algunas vacantes de juzgados y defensor\u00edas<\/strong>, pertenecientes a diferentes fueros y departamentos judiciales de la Provincia.<\/p>\n<p>&nbsp;<\/p>\n<p><strong>Adem\u00e1s de Echevarr\u00eda para el Departamento Judicial Azul<\/strong>, tambi\u00e9n se incluyen nombramientos para San Mart\u00edn, San Isidro, Mar del Plata, Lomas de Zamora, Mor\u00f3n, La Plata, La Matanza, Mercedes, Quilmes, Moreno-General Rodr\u00edguez, San Nicol\u00e1s y Bah\u00eda Blanca.<\/p>\n<p>&nbsp;<\/p>\n<p><strong>El rol de los departamentos judiciales<\/strong><\/p>\n<p>&nbsp;<\/p>\n<p>\u201cLa medida del Gobernador es una clara se\u00f1al de que, desde Provincia, <strong>escuchan las necesidades de los departamentos judiciales bonaerenses, aunque todav\u00eda no resulte suficiente para dar respuesta a todos los problemas<\/strong>. Quienes integramos el servicio de justicia de ambos lados de la pantalla, estamos pendientes de aquellas agendas y debates que se plantean cada vez que requerimos alguna respuesta para estas insuficiencias cotidianas. Las comunidades departamentales son los espacios y contextos por excelencia a la hora de pensar el perfil de los jueces y juezas que queremos para nuestra justicia&#8221; sostuvo.<\/p>\n<p>&nbsp;<\/p>\n<p>&#8220;Necesitamos subrayar y <strong>poner en valor el rol social de las y los jueces<\/strong>, una justicia de puertas abiertas para el ciudadano que acude a reclamar por sus derechos\u201d, concluy\u00f3 el Presidente del Colegio Departamental.<\/p>\n","protected":false},"excerpt":{"rendered":"<p>El tandilense Agust\u00edn Echevarr\u00eda fue designado juez en la C\u00e1mara Penal Departamental. Gast\u00f3n Argeri destac\u00f3 que \u201ces una clara se\u00f1al<\/p>\n","protected":false},"author":4,"featured_media":23143,"comment_status":"closed","ping_status":"closed","sticky":false,"template":"","format":"standard","meta":{"_jetpack_memberships_contains_paid_content":false,"footnotes":""},"categories":[14,1],"tags":[],"class_list":["post-23142","post","type-post","status-publish","format-standard","has-post-thumbnail","hentry","category-policiales","category-portada"],"jetpack_featured_media_url":"https:\/\/i0.wp.com\/cdnoticias.com\/wp-content\/uploads\/2021\/06\/gaston-argeri-1.jpg?fit=1280%2C853&ssl=1","jetpack_sharing_enabled":true,"_links":{"self":[{"href":"https:\/\/cdnoticias.com\/index.php\/wp-json\/wp\/v2\/posts\/23142","targetHints":{"allow":["GET"]}}],"collection":[{"href":"https:\/\/cdnoticias.com\/index.php\/wp-json\/wp\/v2\/posts"}],"about":[{"href":"https:\/\/cdnoticias.com\/index.php\/wp-json\/wp\/v2\/types\/post"}],"author":[{"embeddable":true,"href":"https:\/\/cdnoticias.com\/index.php\/wp-json\/wp\/v2\/users\/4"}],"replies":[{"embeddable":true,"href":"https:\/\/cdnoticias.com\/index.php\/wp-json\/wp\/v2\/comments?post=23142"}],"version-history":[{"count":0,"href":"https:\/\/cdnoticias.com\/index.php\/wp-json\/wp\/v2\/posts\/23142\/revisions"}],"wp:featuredmedia":[{"embeddable":true,"href":"https:\/\/cdnoticias.com\/index.php\/wp-json\/wp\/v2\/media\/23143"}],"wp:attachment":[{"href":"https:\/\/cdnoticias.com\/index.php\/wp-json\/wp\/v2\/media?parent=23142"}],"wp:term":[{"taxonomy":"category","embeddable":true,"href":"https:\/\/cdnoticias.com\/index.php\/wp-json\/wp\/v2\/categories?post=23142"},{"taxonomy":"post_tag","embeddable":true,"href":"https:\/\/cdnoticias.com\/index.php\/wp-json\/wp\/v2\/tags?post=23142"}],"curies":[{"name":"wp","href":"https:\/\/api.w.org\/{rel}","templated":true}]}}