{"id":23095,"date":"2021-06-03T19:06:56","date_gmt":"2021-06-03T22:06:56","guid":{"rendered":"http:\/\/www.centraldenoticias.com.ar\/?p=23095"},"modified":"2021-06-03T19:06:56","modified_gmt":"2021-06-03T22:06:56","slug":"petrecco-amalia-manuela-de-lucas-manu-lucas-q-e-p-d","status":"publish","type":"post","link":"https:\/\/cdnoticias.com\/index.php\/2021\/06\/03\/petrecco-amalia-manuela-de-lucas-manu-lucas-q-e-p-d\/","title":{"rendered":"Petrecco Amalia Manuela De Lucas &#8220;Manu Lucas&#8221; (Q.E.P.D.)"},"content":{"rendered":"<p>Falleci\u00f3 en Olavarr\u00eda el d\u00eda 03 de Junio de 2021 a los 77 a\u00f1os de edad. Su esposo Juan Alberto Lucas, sus hijos Amalia, Laura, Machi y Mal\u00e9, sus nietos: Mart\u00edn, Mar\u00eda, Juan Bautista, Bernardo, Pilar, Sof\u00eda, Gregorio, Felipe y Benicio, sus hijos Pol: Enrique, Paula y Mauricio<\/p>\n<p>&nbsp;<\/p>\n<p>Sus restos ser\u00e1n velados este viernes de 10 a 12 en la sala velatoria de Espa\u00f1a 2942, departamento B y cremados en fecha a confirmar. Servicio adherido a Coopelectric.<\/p>\n<p>&nbsp;<\/p>\n<p>Madre. Odont\u00f3loga Miembro hist\u00f3rica de la Cooperadora de la Escuela Normal de Olavarr\u00eda, integrante del Hogar de ni\u00f1as San Jos\u00e9, integrante de comisi\u00f3n de softbol, promotora de las canchas del club estudiantes, formadora de la comisi\u00f3n de HOREON y miembro del coro a viva voz.<\/p>\n","protected":false},"excerpt":{"rendered":"<p>Falleci\u00f3 en Olavarr\u00eda el d\u00eda 03 de Junio de 2021 a los 77 a\u00f1os de edad. Su esposo Juan Alberto<\/p>\n","protected":false},"author":2,"featured_media":0,"comment_status":"closed","ping_status":"closed","sticky":false,"template":"","format":"standard","meta":{"_jetpack_memberships_contains_paid_content":false,"footnotes":""},"categories":[10],"tags":[],"class_list":["post-23095","post","type-post","status-publish","format-standard","hentry","category-necrologicas"],"jetpack_featured_media_url":"","jetpack_sharing_enabled":true,"_links":{"self":[{"href":"https:\/\/cdnoticias.com\/index.php\/wp-json\/wp\/v2\/posts\/23095","targetHints":{"allow":["GET"]}}],"collection":[{"href":"https:\/\/cdnoticias.com\/index.php\/wp-json\/wp\/v2\/posts"}],"about":[{"href":"https:\/\/cdnoticias.com\/index.php\/wp-json\/wp\/v2\/types\/post"}],"author":[{"embeddable":true,"href":"https:\/\/cdnoticias.com\/index.php\/wp-json\/wp\/v2\/users\/2"}],"replies":[{"embeddable":true,"href":"https:\/\/cdnoticias.com\/index.php\/wp-json\/wp\/v2\/comments?post=23095"}],"version-history":[{"count":0,"href":"https:\/\/cdnoticias.com\/index.php\/wp-json\/wp\/v2\/posts\/23095\/revisions"}],"wp:attachment":[{"href":"https:\/\/cdnoticias.com\/index.php\/wp-json\/wp\/v2\/media?parent=23095"}],"wp:term":[{"taxonomy":"category","embeddable":true,"href":"https:\/\/cdnoticias.com\/index.php\/wp-json\/wp\/v2\/categories?post=23095"},{"taxonomy":"post_tag","embeddable":true,"href":"https:\/\/cdnoticias.com\/index.php\/wp-json\/wp\/v2\/tags?post=23095"}],"curies":[{"name":"wp","href":"https:\/\/api.w.org\/{rel}","templated":true}]}}