{"id":23086,"date":"2021-06-03T19:14:01","date_gmt":"2021-06-03T22:14:01","guid":{"rendered":"http:\/\/www.centraldenoticias.com.ar\/?p=23086"},"modified":"2021-06-03T20:37:02","modified_gmt":"2021-06-03T23:37:02","slug":"ni-una-menos-les-senalamos-donde-no-estan-presentes","status":"publish","type":"post","link":"https:\/\/cdnoticias.com\/index.php\/2021\/06\/03\/ni-una-menos-les-senalamos-donde-no-estan-presentes\/","title":{"rendered":"Ni Una Menos: \u201cLes se\u00f1alamos d\u00f3nde no est\u00e1n presentes\u201d"},"content":{"rendered":"<p>Integrantes y referentes del Frente local Ni Una Menos llevaron a cabo una intervenci\u00f3n en la puerta de la Defensor\u00eda Civil y Asesor\u00eda de Incapaces. \u201cLas violencias machistas sigue entre nosotros\u201d, reclamaron.<!--more--><\/p>\n<hr \/>\n<p><a href=\"https:\/\/cdnoticias.com\/index.php\/2021\/06\/03\/femicidios-durante-2020-se-cometio-una-muerte-por-violencia-de-genero-cada-35-horas\/\" target=\"_blank\" rel=\"noopener\">En el marco del 6\u00b0 aniversario del \u201cNi Una Menos\u201d<\/a> numerosas actividades alusivas se han realizado durante la jornada de este jueves en distintos puntos de la ciudad,<a href=\"https:\/\/cdnoticias.com\/index.php\/2021\/06\/03\/ni-una-menos-el-foro-olavarria-realizo-una-actividad-en-conmemoracion\/\" target=\"_blank\" rel=\"noopener\"> con su r\u00e9plica y presencia tambi\u00e9n en las redes sociales<\/a>. En horas de la tarde,<strong> la Defensor\u00eda Civil y Asesor\u00eda de Incapaces, sobre Vicente L\u00f3pez al 2300, fue sede de una nueva intervenci\u00f3n.<\/strong><\/p>\n<p>&nbsp;<\/p>\n<p><img data-recalc-dims=\"1\" loading=\"lazy\" decoding=\"async\" class=\"alignnone size-large wp-image-23091\" src=\"https:\/\/i0.wp.com\/cdnoticias.com\/wp-content\/uploads\/2021\/06\/WhatsApp-Image-2021-06-03-at-17.23.11-1.jpeg?resize=800%2C600&#038;ssl=1\" alt=\"\" width=\"800\" height=\"600\" srcset=\"https:\/\/i0.wp.com\/cdnoticias.com\/wp-content\/uploads\/2021\/06\/WhatsApp-Image-2021-06-03-at-17.23.11-1.jpeg?resize=1024%2C768&amp;ssl=1 1024w, https:\/\/i0.wp.com\/cdnoticias.com\/wp-content\/uploads\/2021\/06\/WhatsApp-Image-2021-06-03-at-17.23.11-1.jpeg?resize=300%2C225&amp;ssl=1 300w, https:\/\/i0.wp.com\/cdnoticias.com\/wp-content\/uploads\/2021\/06\/WhatsApp-Image-2021-06-03-at-17.23.11-1.jpeg?resize=768%2C576&amp;ssl=1 768w, https:\/\/i0.wp.com\/cdnoticias.com\/wp-content\/uploads\/2021\/06\/WhatsApp-Image-2021-06-03-at-17.23.11-1.jpeg?w=1032&amp;ssl=1 1032w\" sizes=\"auto, (max-width: 800px) 100vw, 800px\" \/><\/p>\n<p>&nbsp;<\/p>\n<p><strong>\u201cNos parec\u00eda fundamental estar presentes hoy ac\u00e1, es donde les se\u00f1alamos que no est\u00e1n presentes\u201d<\/strong>, enfatizaron en di\u00e1logo con los medios presentes Mar\u00eda Cecilia Fern\u00e1ndez, del Frente Ni Una Menos, y Casandra Mu\u00f1oz Del Campo, de Socorristas Olavarr\u00eda. \u201cFunciona muy mal, as\u00ed como la otra vez fuimos a la fiscal\u00eda, decidimos visibilizar otro organismo del Estado que tiene muchas falencias\u201d, agregaron.<\/p>\n<p>&nbsp;<\/p>\n<p><strong>\u201cLa mayor falencia es la poca atenci\u00f3n, casi nula\u201d<\/strong>, concluyeron al respecto. La puerta del lugar fue poblada de carteles y pancartas con la consigna paren de matarnos, para dar luego a una intervenci\u00f3n que se realiz\u00f3 sobre la calle Vicente L\u00f3pez.<\/p>\n<p>&nbsp;<\/p>\n<div class=\"jetpack-video-wrapper\"><iframe loading=\"lazy\" width=\"800\" height=\"450\" src=\"https:\/\/www.youtube.com\/embed\/BMROVmORWGw?feature=oembed\" frameborder=\"0\" allow=\"accelerometer; autoplay; clipboard-write; encrypted-media; gyroscope; picture-in-picture\" allowfullscreen><\/iframe><\/div>\n<p>&nbsp;<\/p>\n<p>En ese marco, <a href=\"https:\/\/cdnoticias.com\/index.php\/2021\/06\/03\/frente-ni-una-menos-un-mural-para-preguntar-por-tehuel\/\" target=\"_blank\" rel=\"noopener\">tal como se hizo m\u00e1s temprano en la Facultad de Ciencias de la Salud<\/a>, se reclam\u00f3 y pregunt\u00f3 por Tehuel, a medida que se daba cuenta que <strong>\u201clas violencias machistas siguen entre nosotras\u201d<\/strong>.<\/p>\n<p>&nbsp;<\/p>\n<p>En cuanto a la fecha y el trayecto hecho durante estos 6 a\u00f1os a\u00f1adieron que \u201csiento como cosas opuestas. Estoy muy feliz de las compa\u00f1eras que tengo y logr\u00e9 en este recorrido, <strong>una de nuestras consignas es que nunca nos vamos a soltar, que nos tenemos entre nosotras. En eso estamos recontra afianzadas, nos sentimos m\u00e1s unidas que nunca\u201d, plantearon.<\/strong><\/p>\n<p>&nbsp;<\/p>\n<p><img data-recalc-dims=\"1\" loading=\"lazy\" decoding=\"async\" class=\"alignnone size-large wp-image-23088\" src=\"https:\/\/i0.wp.com\/cdnoticias.com\/wp-content\/uploads\/2021\/06\/WhatsApp-Image-2021-06-03-at-17.44.57.jpeg?resize=800%2C600&#038;ssl=1\" alt=\"\" width=\"800\" height=\"600\" srcset=\"https:\/\/i0.wp.com\/cdnoticias.com\/wp-content\/uploads\/2021\/06\/WhatsApp-Image-2021-06-03-at-17.44.57.jpeg?resize=1024%2C768&amp;ssl=1 1024w, https:\/\/i0.wp.com\/cdnoticias.com\/wp-content\/uploads\/2021\/06\/WhatsApp-Image-2021-06-03-at-17.44.57.jpeg?resize=300%2C225&amp;ssl=1 300w, https:\/\/i0.wp.com\/cdnoticias.com\/wp-content\/uploads\/2021\/06\/WhatsApp-Image-2021-06-03-at-17.44.57.jpeg?resize=768%2C576&amp;ssl=1 768w, https:\/\/i0.wp.com\/cdnoticias.com\/wp-content\/uploads\/2021\/06\/WhatsApp-Image-2021-06-03-at-17.44.57.jpeg?w=1040&amp;ssl=1 1040w\" sizes=\"auto, (max-width: 800px) 100vw, 800px\" \/><\/p>\n<p>&nbsp;<\/p>\n<p>A la par, y en contrapartida, expresaron que<strong> \u201csigue faltando un mont\u00f3n\u201d<\/strong> y en ese sentido indagaron \u201cd\u00f3nde est\u00e1 yendo a parar el presupuesto. Pusimos el cartel, estamos en emergencia, pero qu\u00e9 est\u00e1n haciendo, d\u00f3nde est\u00e1 yendo a parar esa plata que es para destinarla a erradicar la violencia\u201d, cuestionaron. <strong>\u201cNo est\u00e1 muy en claro, se contradice el hecho de dictar una emergencia y no hacer nada al respecto\u201d<\/strong>, completaron.<\/p>\n<p>&nbsp;<\/p>\n<p>Por \u00faltimo enfatizaron que<strong> \u201csomos potencia\u201d<\/strong>. \u201cSin que salgamos a la calle, sin que reclamemos, no tendr\u00edamos aborto legal. Si el Estado no nos cuida nos cuidamos entre nosotras. Le vamos a marcar a cada persona que tenga un cargo p\u00fablico y que est\u00e1 fallando, se lo vamos a se\u00f1alar y vamos a estar, siempre vamos a estar\u201d, finalizaron.<\/p>\n","protected":false},"excerpt":{"rendered":"<p>Integrantes y referentes del Frente local Ni Una Menos llevaron a cabo una intervenci\u00f3n en la puerta de la Defensor\u00eda<\/p>\n","protected":false},"author":2,"featured_media":23087,"comment_status":"closed","ping_status":"closed","sticky":false,"template":"","format":"standard","meta":{"_jetpack_memberships_contains_paid_content":false,"footnotes":""},"categories":[3,1],"tags":[],"class_list":["post-23086","post","type-post","status-publish","format-standard","has-post-thumbnail","hentry","category-genero","category-portada"],"jetpack_featured_media_url":"https:\/\/i0.wp.com\/cdnoticias.com\/wp-content\/uploads\/2021\/06\/WhatsApp-Image-2021-06-03-at-17.46.13.jpeg?fit=1032%2C774&ssl=1","jetpack_sharing_enabled":true,"_links":{"self":[{"href":"https:\/\/cdnoticias.com\/index.php\/wp-json\/wp\/v2\/posts\/23086","targetHints":{"allow":["GET"]}}],"collection":[{"href":"https:\/\/cdnoticias.com\/index.php\/wp-json\/wp\/v2\/posts"}],"about":[{"href":"https:\/\/cdnoticias.com\/index.php\/wp-json\/wp\/v2\/types\/post"}],"author":[{"embeddable":true,"href":"https:\/\/cdnoticias.com\/index.php\/wp-json\/wp\/v2\/users\/2"}],"replies":[{"embeddable":true,"href":"https:\/\/cdnoticias.com\/index.php\/wp-json\/wp\/v2\/comments?post=23086"}],"version-history":[{"count":0,"href":"https:\/\/cdnoticias.com\/index.php\/wp-json\/wp\/v2\/posts\/23086\/revisions"}],"wp:featuredmedia":[{"embeddable":true,"href":"https:\/\/cdnoticias.com\/index.php\/wp-json\/wp\/v2\/media\/23087"}],"wp:attachment":[{"href":"https:\/\/cdnoticias.com\/index.php\/wp-json\/wp\/v2\/media?parent=23086"}],"wp:term":[{"taxonomy":"category","embeddable":true,"href":"https:\/\/cdnoticias.com\/index.php\/wp-json\/wp\/v2\/categories?post=23086"},{"taxonomy":"post_tag","embeddable":true,"href":"https:\/\/cdnoticias.com\/index.php\/wp-json\/wp\/v2\/tags?post=23086"}],"curies":[{"name":"wp","href":"https:\/\/api.w.org\/{rel}","templated":true}]}}