{"id":23052,"date":"2021-06-10T08:36:25","date_gmt":"2021-06-10T11:36:25","guid":{"rendered":"http:\/\/www.centraldenoticias.com.ar\/?p=23052"},"modified":"2021-06-10T08:36:25","modified_gmt":"2021-06-10T11:36:25","slug":"hacen-obligatorias-las-camaras-de-seguridad-en-los-colectivos-nuevos","status":"publish","type":"post","link":"https:\/\/cdnoticias.com\/index.php\/2021\/06\/10\/hacen-obligatorias-las-camaras-de-seguridad-en-los-colectivos-nuevos\/","title":{"rendered":"Hacen obligatorias las c\u00e1maras de seguridad en los colectivos nuevos"},"content":{"rendered":"<p>As\u00ed lo dispuso la Provincia para el transporte p\u00fablico de pasajeros. Lo estableci\u00f3 una ley de 2018 y se busca avanzar en el cumplimiento.<!--more--><\/p>\n<hr \/>\n<p><strong>Las unidades de transporte p\u00fablico de pasajeros nuevas que las compa\u00f1\u00edas sumen a su plantel deber\u00e1n contar con c\u00e1maras de seguridad en el \u00e1mbito de la provincia de Buenos Aires<\/strong>, seg\u00fan una resoluci\u00f3n que firm\u00f3 el Gobierno.<\/p>\n<p>&nbsp;<\/p>\n<p>Al respecto, <strong>el subsecretario de Transporte de la provincia de Buenos Aires, Alejo Supply, firm\u00f3 la resoluci\u00f3n<\/strong> para instalar c\u00e1maras en colectivos junto al <strong>ministro de Seguridad, Sergio Berni<\/strong>, y el <strong>secretario General de la Uni\u00f3n Tranviarios Automotor (UTA), Roberto Fern\u00e1ndez<\/strong>.<\/p>\n<p>&nbsp;<\/p>\n<blockquote><p>Con la nueva normativa, cada colectivo que se incorpore para prestar servicio en el \u00e1mbito bonaerense deber\u00e1 contar con equipo de c\u00e1maras. Esto se suma a que en 2018 se reglament\u00f3 la ley N\u00ba 14.897, que estableci\u00f3 la obligaci\u00f3n para que todas las unidades de transporte p\u00fablico de pasajeros de jurisdicci\u00f3n provincial y municipal cuenten con dispositivos que graben en tiempo real.<\/p><\/blockquote>\n<p>&nbsp;<\/p>\n<p><img data-recalc-dims=\"1\" loading=\"lazy\" decoding=\"async\" class=\"size-full wp-image-23054 aligncenter\" src=\"https:\/\/i0.wp.com\/cdnoticias.com\/wp-content\/uploads\/2021\/06\/DIB-colectivos.jpg?resize=696%2C464&#038;ssl=1\" alt=\"\" width=\"696\" height=\"464\" srcset=\"https:\/\/i0.wp.com\/cdnoticias.com\/wp-content\/uploads\/2021\/06\/DIB-colectivos.jpg?w=696&amp;ssl=1 696w, https:\/\/i0.wp.com\/cdnoticias.com\/wp-content\/uploads\/2021\/06\/DIB-colectivos.jpg?resize=300%2C200&amp;ssl=1 300w, https:\/\/i0.wp.com\/cdnoticias.com\/wp-content\/uploads\/2021\/06\/DIB-colectivos.jpg?resize=272%2C182&amp;ssl=1 272w\" sizes=\"auto, (max-width: 696px) 100vw, 696px\" \/><\/p>\n<p>En abril de 2018, luego del asesinato del chofer Leandro Alcaraz en La Matanza, se reglament\u00f3 la ley -hab\u00eda sido sancionada en diciembre de 2016- para obligar a las empresas a instalar los dispositivos en los veh\u00edculos. Sin embargo, el plazo de 180 d\u00edas del principio no se cumpli\u00f3, ya que las empresas argumentaron dificultades econ\u00f3micas para enfrentar la erogaci\u00f3n de dinero que representaba instalar las c\u00e1maras. <strong>Reci\u00e9n a mediados de 2019 empezaron a colocarse las primeras c\u00e1maras<\/strong>, aunque a un ritmo muy lento.<\/p>\n<p>&nbsp;<\/p>\n<p>Ahora, la Subsecretar\u00eda de Transporte estableci\u00f3 que<strong> dentro de los 180 d\u00edas a partir de la publicaci\u00f3n de esta nueva resoluci\u00f3n reglamentaria, las empresas prestadoras de servicio deber\u00e1n presentar un plan de adecuaci\u00f3n<\/strong> a la ley de todas las unidades que ya se encuentren en funcionamiento.<\/p>\n<p>&nbsp;<\/p>\n<p>El tiempo de ejecuci\u00f3n del mismo ser\u00e1 de 12 meses, mientras que <strong>los equipos instalados en el parque automotor tendr\u00e1n que ser homologados<\/strong> de acuerdo a las caracter\u00edsticas dispuestas por la cartera conducida por Sergio Berni.<\/p>\n<p>&nbsp;<\/p>\n<blockquote class=\"twitter-tweet\">\n<p dir=\"ltr\" lang=\"es\">Con la nueva normativa, cada colectivo que se incorpore para prestar servicio en territorio provincial tendr\u00e1 que contar con equipo de c\u00e1maras, mientras que las unidades que ya se encuentran funcionando deber\u00e1n adecuarse a la medida. <a href=\"https:\/\/twitter.com\/hashtag\/ProvinciaEnMarcha?src=hash&amp;ref_src=twsrc%5Etfw\">#ProvinciaEnMarcha<\/a><\/p>\n<p>\u2014 AlejoSupply (@alejosupplyok) <a href=\"https:\/\/twitter.com\/alejosupplyok\/status\/1400246680042283008?ref_src=twsrc%5Etfw\">June 3, 2021<\/a><\/p><\/blockquote>\n<p><script async src=\"https:\/\/platform.twitter.com\/widgets.js\" charset=\"utf-8\"><\/script><\/p>\n<p>Tanto el incumplimiento de la colocaci\u00f3n de las c\u00e1maras de seguridad en las unidades, como el mal funcionamiento de las mismas, puede llevar a desafectar a la unidad del parque automotor autorizado para prestar servicios, como as\u00ed tambi\u00e9n la inhabilitaci\u00f3n temporaria o definitiva.<\/p>\n<p>&nbsp;<\/p>\n<p>Del total del parque automotor de la provincia de Buenos Aires se renueva anualmente el 10% de las unidades, lo que <strong>implicar\u00eda que por a\u00f1o 2 mil colectivos comenzar\u00edan a prestar servicio con los equipos instalados<\/strong>.<\/p>\n<p>&nbsp;<\/p>\n<p>Las c\u00e1maras est\u00e1n conectadas a un<strong> centro de monitoreo operado por personal del 911<\/strong>, que ante situaci\u00f3n de emergencia dan aviso al personal m\u00e1s pr\u00f3ximo para asistir al chofer y los usuarios, indicaron.<\/p>\n<p>&nbsp;<\/p>\n<p>Fuente: <em>Agencia DIB<\/em><\/p>\n","protected":false},"excerpt":{"rendered":"<p>As\u00ed lo dispuso la Provincia para el transporte p\u00fablico de pasajeros. Lo estableci\u00f3 una ley de 2018 y se busca<\/p>\n","protected":false},"author":4,"featured_media":23053,"comment_status":"closed","ping_status":"closed","sticky":false,"template":"","format":"standard","meta":{"_jetpack_memberships_contains_paid_content":false,"footnotes":""},"categories":[6,1],"tags":[],"class_list":["post-23052","post","type-post","status-publish","format-standard","has-post-thumbnail","hentry","category-nacionales","category-portada"],"jetpack_featured_media_url":"https:\/\/i0.wp.com\/cdnoticias.com\/wp-content\/uploads\/2021\/06\/colectivos-supply-berni.jpg?fit=1080%2C720&ssl=1","jetpack_sharing_enabled":true,"_links":{"self":[{"href":"https:\/\/cdnoticias.com\/index.php\/wp-json\/wp\/v2\/posts\/23052","targetHints":{"allow":["GET"]}}],"collection":[{"href":"https:\/\/cdnoticias.com\/index.php\/wp-json\/wp\/v2\/posts"}],"about":[{"href":"https:\/\/cdnoticias.com\/index.php\/wp-json\/wp\/v2\/types\/post"}],"author":[{"embeddable":true,"href":"https:\/\/cdnoticias.com\/index.php\/wp-json\/wp\/v2\/users\/4"}],"replies":[{"embeddable":true,"href":"https:\/\/cdnoticias.com\/index.php\/wp-json\/wp\/v2\/comments?post=23052"}],"version-history":[{"count":0,"href":"https:\/\/cdnoticias.com\/index.php\/wp-json\/wp\/v2\/posts\/23052\/revisions"}],"wp:featuredmedia":[{"embeddable":true,"href":"https:\/\/cdnoticias.com\/index.php\/wp-json\/wp\/v2\/media\/23053"}],"wp:attachment":[{"href":"https:\/\/cdnoticias.com\/index.php\/wp-json\/wp\/v2\/media?parent=23052"}],"wp:term":[{"taxonomy":"category","embeddable":true,"href":"https:\/\/cdnoticias.com\/index.php\/wp-json\/wp\/v2\/categories?post=23052"},{"taxonomy":"post_tag","embeddable":true,"href":"https:\/\/cdnoticias.com\/index.php\/wp-json\/wp\/v2\/tags?post=23052"}],"curies":[{"name":"wp","href":"https:\/\/api.w.org\/{rel}","templated":true}]}}