{"id":23040,"date":"2021-06-03T11:43:49","date_gmt":"2021-06-03T14:43:49","guid":{"rendered":"http:\/\/www.centraldenoticias.com.ar\/?p=23040"},"modified":"2021-06-03T12:50:14","modified_gmt":"2021-06-03T15:50:14","slug":"violento-asalto-en-pueblo-nuevo-el-delincuente-herido-fue-dado-de-alta","status":"publish","type":"post","link":"https:\/\/cdnoticias.com\/index.php\/2021\/06\/03\/violento-asalto-en-pueblo-nuevo-el-delincuente-herido-fue-dado-de-alta\/","title":{"rendered":"Violento asalto en Pueblo Nuevo: el delincuente herido fue dado de alta"},"content":{"rendered":"<p>Tras recibir un disparo en la cara por uno de los moradores de la casa donde intentaron robar, el hombre de 45 a\u00f1os fue dado de alta. Fue indagado y no declar\u00f3.\u00a0<!--more--><\/p>\n<hr \/>\n<p>En las \u00faltimas horas, el delincuente herido en un<a href=\"https:\/\/cdnoticias.com\/index.php\/2021\/05\/16\/violento-episodio-en-pueblo-nuevo-se-resistio-a-un-robo-y-baleo-a-un-delincuente\/\" target=\"_blank\" rel=\"noopener\"> violento asalto en una vivienda de Pueblo Nuevo\u00a0<\/a>fue dado de alta y qued\u00f3 detenido.<strong> Fue indagado por la fiscal de la causa, la doctora Paula Serrano, y no declar\u00f3.<\/strong><\/p>\n<p>&nbsp;<\/p>\n<p>Cabe recordar que el hecho se produjo el pasado 16 de mayo, cuando dos hombres ingresaron a una vivienda de \u00c1lvaro Barros al 1500 en horas del mediod\u00eda para robar, <strong>y al ingresar uno de los moradores se defendi\u00f3 y dispar\u00f3, en la cara, a Pablo D\u00edaz, quien result\u00f3 gravemente herido.<\/strong><\/p>\n<p>&nbsp;<\/p>\n<p><img data-recalc-dims=\"1\" loading=\"lazy\" decoding=\"async\" class=\"alignnone size-full wp-image-21668\" src=\"https:\/\/i0.wp.com\/cdnoticias.com\/wp-content\/uploads\/2021\/05\/robo-alvaro-barros-1500b.jpg?resize=800%2C445&#038;ssl=1\" alt=\"\" width=\"800\" height=\"445\" srcset=\"https:\/\/i0.wp.com\/cdnoticias.com\/wp-content\/uploads\/2021\/05\/robo-alvaro-barros-1500b.jpg?w=800&amp;ssl=1 800w, https:\/\/i0.wp.com\/cdnoticias.com\/wp-content\/uploads\/2021\/05\/robo-alvaro-barros-1500b.jpg?resize=300%2C167&amp;ssl=1 300w, https:\/\/i0.wp.com\/cdnoticias.com\/wp-content\/uploads\/2021\/05\/robo-alvaro-barros-1500b.jpg?resize=768%2C427&amp;ssl=1 768w\" sizes=\"auto, (max-width: 800px) 100vw, 800px\" \/><\/p>\n<p>&nbsp;<\/p>\n<blockquote><p>El otro hombre que intent\u00f3 robar en el domicilio huy\u00f3 pero fue capturado a las pocas cuadras, tras descartar un arma \u201capta para ser disparada\u201d.<\/p><\/blockquote>\n<p>&nbsp;<\/p>\n<p>Tras recuperarse en el Hospital Municipal y recibir el alta m\u00e9dica, <strong>se cumplieron las actuaciones administrativas correspondientes con D\u00edaz dado que <a href=\"https:\/\/cdnoticias.com\/index.php\/2021\/05\/20\/quedaron-detenidos-los-dos-acusados-por-el-violento-asalto-en-pueblo-nuevo\/\" target=\"_blank\" rel=\"noopener\">ya hab\u00eda quedado detenido por<em> \u201crobo doblemente agravado, por su comisi\u00f3n con arma de fuego y escalamiento\u201d.<\/em><\/a><\/strong><\/p>\n<p>&nbsp;<\/p>\n<p>En las \u00faltimas horas fue<strong> indagado por la fiscal de la causa, Mar\u00eda Paula Serrano (UFI N\u00b04) y el delincuente hizo uso de su derecho de no prestar declaraci\u00f3n.<\/strong> Por estas horas era trasladado a una unidad carcelaria para continuar detenido.<\/p>\n","protected":false},"excerpt":{"rendered":"<p>Tras recibir un disparo en la cara por uno de los moradores de la casa donde intentaron robar, el hombre<\/p>\n","protected":false},"author":2,"featured_media":21667,"comment_status":"closed","ping_status":"closed","sticky":false,"template":"","format":"standard","meta":{"_jetpack_memberships_contains_paid_content":false,"footnotes":""},"categories":[14,1],"tags":[],"class_list":["post-23040","post","type-post","status-publish","format-standard","has-post-thumbnail","hentry","category-policiales","category-portada"],"jetpack_featured_media_url":"https:\/\/i0.wp.com\/cdnoticias.com\/wp-content\/uploads\/2021\/05\/robo-alvaro-barros-y-piedras02.jpg?fit=800%2C446&ssl=1","jetpack_sharing_enabled":true,"_links":{"self":[{"href":"https:\/\/cdnoticias.com\/index.php\/wp-json\/wp\/v2\/posts\/23040","targetHints":{"allow":["GET"]}}],"collection":[{"href":"https:\/\/cdnoticias.com\/index.php\/wp-json\/wp\/v2\/posts"}],"about":[{"href":"https:\/\/cdnoticias.com\/index.php\/wp-json\/wp\/v2\/types\/post"}],"author":[{"embeddable":true,"href":"https:\/\/cdnoticias.com\/index.php\/wp-json\/wp\/v2\/users\/2"}],"replies":[{"embeddable":true,"href":"https:\/\/cdnoticias.com\/index.php\/wp-json\/wp\/v2\/comments?post=23040"}],"version-history":[{"count":0,"href":"https:\/\/cdnoticias.com\/index.php\/wp-json\/wp\/v2\/posts\/23040\/revisions"}],"wp:featuredmedia":[{"embeddable":true,"href":"https:\/\/cdnoticias.com\/index.php\/wp-json\/wp\/v2\/media\/21667"}],"wp:attachment":[{"href":"https:\/\/cdnoticias.com\/index.php\/wp-json\/wp\/v2\/media?parent=23040"}],"wp:term":[{"taxonomy":"category","embeddable":true,"href":"https:\/\/cdnoticias.com\/index.php\/wp-json\/wp\/v2\/categories?post=23040"},{"taxonomy":"post_tag","embeddable":true,"href":"https:\/\/cdnoticias.com\/index.php\/wp-json\/wp\/v2\/tags?post=23040"}],"curies":[{"name":"wp","href":"https:\/\/api.w.org\/{rel}","templated":true}]}}