{"id":23017,"date":"2021-06-02T20:19:21","date_gmt":"2021-06-02T23:19:21","guid":{"rendered":"http:\/\/www.centraldenoticias.com.ar\/?p=23017"},"modified":"2021-06-02T20:19:21","modified_gmt":"2021-06-02T23:19:21","slug":"olavarria-supero-las-30-mil-personas-vacunadas-contra-el-coronavirus","status":"publish","type":"post","link":"https:\/\/cdnoticias.com\/index.php\/2021\/06\/02\/olavarria-supero-las-30-mil-personas-vacunadas-contra-el-coronavirus\/","title":{"rendered":"Olavarr\u00eda super\u00f3 las 30 mil personas vacunadas contra el Coronavirus"},"content":{"rendered":"<p>En la jornada de este mi\u00e9rcoles recibieron su primera dosis m\u00e1s de mil olavarrienses.<!--more--><\/p>\n<hr \/>\n<p><a href=\"https:\/\/cdnoticias.com\/index.php\/2021\/06\/02\/ramiro-borzi-hoy-vamos-a-superar-los-30-000-olavarrienses-vacunados\/\" target=\"_blank\" rel=\"noopener\">Tal como lo hab\u00eda anticipado en conferencia de prensa el director de Regi\u00f3n Sanitaria IX<\/a>, Ramiro Borzi, en la jornada de este mi\u00e9rcoles <strong>Olavarr\u00eda super\u00f3 las 30 mil personas vacunas contra el Coronavirus<\/strong>.<\/p>\n<p>&nbsp;<\/p>\n<p><strong>Eso fue gracias a que en la jornada de este mi\u00e9rcoles m\u00e1s de mil personas de nuestra ciudad recibieron su primera dosis<\/strong>. En detalle, en el Servicio Territorial Municipal 2 se aplicaron 370 dosis, en el Hospital de Oncolog\u00eda 195, en la Mutual Carlos Alberto Moreno 153 y, por \u00faltimo, en la Facultad de Ciencias de la Salud 356.<\/p>\n<p>&nbsp;<\/p>\n<p><img data-recalc-dims=\"1\" loading=\"lazy\" decoding=\"async\" class=\"alignnone size-full wp-image-20671\" src=\"https:\/\/i0.wp.com\/cdnoticias.com\/wp-content\/uploads\/2021\/05\/WhatsApp-Image-2021-05-04-at-19.48.02.jpeg?resize=800%2C530&#038;ssl=1\" alt=\"\" width=\"800\" height=\"530\" srcset=\"https:\/\/i0.wp.com\/cdnoticias.com\/wp-content\/uploads\/2021\/05\/WhatsApp-Image-2021-05-04-at-19.48.02.jpeg?w=960&amp;ssl=1 960w, https:\/\/i0.wp.com\/cdnoticias.com\/wp-content\/uploads\/2021\/05\/WhatsApp-Image-2021-05-04-at-19.48.02.jpeg?resize=300%2C199&amp;ssl=1 300w, https:\/\/i0.wp.com\/cdnoticias.com\/wp-content\/uploads\/2021\/05\/WhatsApp-Image-2021-05-04-at-19.48.02.jpeg?resize=768%2C509&amp;ssl=1 768w\" sizes=\"auto, (max-width: 800px) 100vw, 800px\" \/><\/p>\n<p>&nbsp;<\/p>\n<p>Vale destacar que <a href=\"https:\/\/cdnoticias.com\/index.php\/2021\/06\/02\/en-12-dias-olavarria-sumo-6-000-inscriptos-para-la-vacunacion-covid\/\" target=\"_blank\" rel=\"noopener\">en los \u00faltimos 12 d\u00edas 6 mil olavarrienses se inscribieron al Plan Provincial de Vacunaci\u00f3n<\/a>, por lo que<strong> ya son, a este mi\u00e9rcoles, 56487 los vecinos y vecinas anotadas.<\/strong><\/p>\n<p>&nbsp;<\/p>\n<p>Por \u00faltimo, se record\u00f3 que <strong>la vacunaci\u00f3n es \u00fanicamente por turnos, tanto para primeras como segundas dosis,\u00a0 por lo que se le pide a la comunidad que est\u00e9n atentos a los mensajes con la notificaci\u00f3n del d\u00eda y horario para aplicarse la dosis correspondiente<\/strong>. Todos los interesados en acceder al plan provincial de vacunaci\u00f3n contra el coronavirus, que es p\u00fablico, gratuito y optativo, pueden sacar turno de manera virtual entrando en la <a href=\"https:\/\/vacunatepba.gba.gob.ar\/\" target=\"_blank\" rel=\"noopener\">p\u00e1gina del Programa Provincial de Vacunaci\u00f3n<\/a>\u00a0 o de forma presencial en ANSES, IOMA, PAMI, Ministerio de trabajo, Centro de Documentaci\u00f3n R\u00e1pida, entre otros.<\/p>\n","protected":false},"excerpt":{"rendered":"<p>En la jornada de este mi\u00e9rcoles recibieron su primera dosis m\u00e1s de mil olavarrienses.<\/p>\n","protected":false},"author":3,"featured_media":20619,"comment_status":"closed","ping_status":"closed","sticky":false,"template":"","format":"standard","meta":{"_jetpack_memberships_contains_paid_content":false,"footnotes":""},"categories":[16,1],"tags":[],"class_list":["post-23017","post","type-post","status-publish","format-standard","has-post-thumbnail","hentry","category-covid-19","category-portada"],"jetpack_featured_media_url":"https:\/\/i0.wp.com\/cdnoticias.com\/wp-content\/uploads\/2021\/05\/vacuna-facultad-salud-01.jpg?fit=800%2C445&ssl=1","jetpack_sharing_enabled":true,"_links":{"self":[{"href":"https:\/\/cdnoticias.com\/index.php\/wp-json\/wp\/v2\/posts\/23017","targetHints":{"allow":["GET"]}}],"collection":[{"href":"https:\/\/cdnoticias.com\/index.php\/wp-json\/wp\/v2\/posts"}],"about":[{"href":"https:\/\/cdnoticias.com\/index.php\/wp-json\/wp\/v2\/types\/post"}],"author":[{"embeddable":true,"href":"https:\/\/cdnoticias.com\/index.php\/wp-json\/wp\/v2\/users\/3"}],"replies":[{"embeddable":true,"href":"https:\/\/cdnoticias.com\/index.php\/wp-json\/wp\/v2\/comments?post=23017"}],"version-history":[{"count":0,"href":"https:\/\/cdnoticias.com\/index.php\/wp-json\/wp\/v2\/posts\/23017\/revisions"}],"wp:featuredmedia":[{"embeddable":true,"href":"https:\/\/cdnoticias.com\/index.php\/wp-json\/wp\/v2\/media\/20619"}],"wp:attachment":[{"href":"https:\/\/cdnoticias.com\/index.php\/wp-json\/wp\/v2\/media?parent=23017"}],"wp:term":[{"taxonomy":"category","embeddable":true,"href":"https:\/\/cdnoticias.com\/index.php\/wp-json\/wp\/v2\/categories?post=23017"},{"taxonomy":"post_tag","embeddable":true,"href":"https:\/\/cdnoticias.com\/index.php\/wp-json\/wp\/v2\/tags?post=23017"}],"curies":[{"name":"wp","href":"https:\/\/api.w.org\/{rel}","templated":true}]}}