{"id":23002,"date":"2021-06-02T18:20:56","date_gmt":"2021-06-02T21:20:56","guid":{"rendered":"http:\/\/www.centraldenoticias.com.ar\/?p=23002"},"modified":"2021-06-02T18:20:56","modified_gmt":"2021-06-02T21:20:56","slug":"confirman-un-importante-numero-de-turnos-para-personal-sanitario","status":"publish","type":"post","link":"https:\/\/cdnoticias.com\/index.php\/2021\/06\/02\/confirman-un-importante-numero-de-turnos-para-personal-sanitario\/","title":{"rendered":"Confirman un importante n\u00famero de turnos para personal sanitario"},"content":{"rendered":"<p>As\u00ed fue detallado por Regi\u00f3n Sanitaria IX y se agreg\u00f3 que la aplicaci\u00f3n de las dosis servir\u00e1 para completar la vacunaci\u00f3n del personal sanitario local.<!--more--><\/p>\n<hr \/>\n<p><strong>En la jornada de este mi\u00e9rcoles se dieron a conocer varias novedades en materia sanitaria,<\/strong> la mayor\u00eda de ellas comunicadas en la <a href=\"https:\/\/cdnoticias.com\/index.php\/2021\/06\/02\/ramiro-borzi-hoy-vamos-a-superar-los-30-000-olavarrienses-vacunados\/\" target=\"_blank\" rel=\"noopener\">conferencia de prensa que fue encabezada por el doctor Ramiro Borzi<\/a>, precisamente el Director de Regi\u00f3n Sanitaria IX.<\/p>\n<p>&nbsp;<\/p>\n<p>En ese marco, se conoci\u00f3 tambi\u00e9n que en el transcurso de esta semana <strong>se estar\u00e1n enviando una gran cantidad de turnos destinados exclusivamente al personal sanitario que hasta el momento no se ha vacunado<\/strong>.<\/p>\n<p>&nbsp;<\/p>\n<blockquote><p>En 12 d\u00edas Olavarr\u00eda<a href=\"https:\/\/cdnoticias.com\/index.php\/2021\/06\/02\/en-12-dias-olavarria-sumo-6-000-inscriptos-para-la-vacunacion-covid\/\" target=\"_blank\" rel=\"noopener\"> sum\u00f3 6 mil inscriptos a la Campa\u00f1a Provincial de Vacunaci\u00f3n<\/a><\/p><\/blockquote>\n<p>&nbsp;<\/p>\n<p>Se agreg\u00f3 que <strong>a la fecha el 95% ya fue vacunado con al menos una dosis<\/strong>. En esa l\u00ednea indicaron que se aplicar\u00e1 para el personal de salud el segundo componente de Sputnik V en el Hospital Municipal H\u00e9ctor Cura y el primer componente de Sputnik V en la Facultad de Ciencias de la Salud.<\/p>\n<p>&nbsp;<\/p>\n<p><strong>Actualmente son 2.955 las personas que trabajan en el sistema de salud que ya recibieron al menos la primera dosis<\/strong> de la vacuna Sputnik V, lo que representa el 95% de la poblaci\u00f3n objetivo.<\/p>\n","protected":false},"excerpt":{"rendered":"<p>As\u00ed fue detallado por Regi\u00f3n Sanitaria IX y se agreg\u00f3 que la aplicaci\u00f3n de las dosis servir\u00e1 para completar la<\/p>\n","protected":false},"author":2,"featured_media":23003,"comment_status":"closed","ping_status":"closed","sticky":false,"template":"","format":"standard","meta":{"_jetpack_memberships_contains_paid_content":false,"footnotes":""},"categories":[16,1],"tags":[],"class_list":["post-23002","post","type-post","status-publish","format-standard","has-post-thumbnail","hentry","category-covid-19","category-portada"],"jetpack_featured_media_url":"https:\/\/i0.wp.com\/cdnoticias.com\/wp-content\/uploads\/2021\/06\/WhatsApp-Image-2021-06-02-at-13.49.07.jpeg?fit=1280%2C726&ssl=1","jetpack_sharing_enabled":true,"_links":{"self":[{"href":"https:\/\/cdnoticias.com\/index.php\/wp-json\/wp\/v2\/posts\/23002","targetHints":{"allow":["GET"]}}],"collection":[{"href":"https:\/\/cdnoticias.com\/index.php\/wp-json\/wp\/v2\/posts"}],"about":[{"href":"https:\/\/cdnoticias.com\/index.php\/wp-json\/wp\/v2\/types\/post"}],"author":[{"embeddable":true,"href":"https:\/\/cdnoticias.com\/index.php\/wp-json\/wp\/v2\/users\/2"}],"replies":[{"embeddable":true,"href":"https:\/\/cdnoticias.com\/index.php\/wp-json\/wp\/v2\/comments?post=23002"}],"version-history":[{"count":0,"href":"https:\/\/cdnoticias.com\/index.php\/wp-json\/wp\/v2\/posts\/23002\/revisions"}],"wp:featuredmedia":[{"embeddable":true,"href":"https:\/\/cdnoticias.com\/index.php\/wp-json\/wp\/v2\/media\/23003"}],"wp:attachment":[{"href":"https:\/\/cdnoticias.com\/index.php\/wp-json\/wp\/v2\/media?parent=23002"}],"wp:term":[{"taxonomy":"category","embeddable":true,"href":"https:\/\/cdnoticias.com\/index.php\/wp-json\/wp\/v2\/categories?post=23002"},{"taxonomy":"post_tag","embeddable":true,"href":"https:\/\/cdnoticias.com\/index.php\/wp-json\/wp\/v2\/tags?post=23002"}],"curies":[{"name":"wp","href":"https:\/\/api.w.org\/{rel}","templated":true}]}}