{"id":22990,"date":"2021-06-02T17:25:29","date_gmt":"2021-06-02T20:25:29","guid":{"rendered":"http:\/\/www.centraldenoticias.com.ar\/?p=22990"},"modified":"2021-06-02T17:25:29","modified_gmt":"2021-06-02T20:25:29","slug":"la-facultad-de-sociales-ofrece-dos-jornadas-virtuales-por-el-dia-del-periodista","status":"publish","type":"post","link":"https:\/\/cdnoticias.com\/index.php\/2021\/06\/02\/la-facultad-de-sociales-ofrece-dos-jornadas-virtuales-por-el-dia-del-periodista\/","title":{"rendered":"La Facultad de Sociales ofrece dos jornadas virtuales por el D\u00eda del Periodista"},"content":{"rendered":"<p>Ser\u00e1n durante la tarde del pr\u00f3ximo lunes y tendr\u00e1n la intervenci\u00f3n de destacados disertantes. Los detalles para poder participar.<!--more--><\/p>\n<hr \/>\n<p><strong>El pr\u00f3ximo lunes 7 de junio se conmemorar\u00e1 el D\u00eda del Periodista, fecha implementada en el calendario nacional en 1938 en recuerdo de la fundaci\u00f3n de la Gazeta de Buenos Ayres<\/strong>, que tuvo su primer ejemplar en 1810, considerado la primera publicaci\u00f3n nacional. Entre sus precursores, principalmente la figura de Mariano Moreno, se encontraban integrantes de la Primera Junta de Gobierno tras la Revoluci\u00f3n de Mayo.<\/p>\n<p>&nbsp;<\/p>\n<p><img data-recalc-dims=\"1\" loading=\"lazy\" decoding=\"async\" class=\"alignnone size-large wp-image-22991\" src=\"https:\/\/i0.wp.com\/cdnoticias.com\/wp-content\/uploads\/2021\/06\/WhatsApp-Image-2021-06-02-at-10.52.05.jpeg?resize=800%2C806&#038;ssl=1\" alt=\"\" width=\"800\" height=\"806\" srcset=\"https:\/\/i0.wp.com\/cdnoticias.com\/wp-content\/uploads\/2021\/06\/WhatsApp-Image-2021-06-02-at-10.52.05.jpeg?resize=1016%2C1024&amp;ssl=1 1016w, https:\/\/i0.wp.com\/cdnoticias.com\/wp-content\/uploads\/2021\/06\/WhatsApp-Image-2021-06-02-at-10.52.05.jpeg?resize=150%2C150&amp;ssl=1 150w, https:\/\/i0.wp.com\/cdnoticias.com\/wp-content\/uploads\/2021\/06\/WhatsApp-Image-2021-06-02-at-10.52.05.jpeg?resize=298%2C300&amp;ssl=1 298w, https:\/\/i0.wp.com\/cdnoticias.com\/wp-content\/uploads\/2021\/06\/WhatsApp-Image-2021-06-02-at-10.52.05.jpeg?resize=768%2C774&amp;ssl=1 768w, https:\/\/i0.wp.com\/cdnoticias.com\/wp-content\/uploads\/2021\/06\/WhatsApp-Image-2021-06-02-at-10.52.05.jpeg?w=1270&amp;ssl=1 1270w\" sizes=\"auto, (max-width: 800px) 100vw, 800px\" \/><\/p>\n<p>&nbsp;<\/p>\n<p>Es en ese marco que desde la Facultad de Ciencias Sociales, m\u00e1s precisamente desde el Observatorio de Medios, Ciudadan\u00eda y Democracia<strong> se organizaron las IV Jornadas de Periodismo, Investigaci\u00f3n y Democracia con la presentaci\u00f3n de dos paneles.<\/strong><\/p>\n<p>&nbsp;<\/p>\n<p><strong>Todo dar\u00e1 inicio a partir de las 17 y ser\u00e1 mediante plataformas virtuales<\/strong>, con una apertura que estar\u00e1 a cargo de la doctora M\u00f3nica Cohendoz, directora precisamente del Observatorio. Desde las 17.15 se pondr\u00e1 en marcha el primero de los paneles denominado <strong>\u201cRadios universitarias: m\u00faltiples voces. Resultado sobre el relevamiento de las emisoras (ARUNA)\u201d, en el que disertar\u00e1 Diego Javier Ibarra<\/strong>, integrante del Observatorio y miembro de la Asociaci\u00f3n de Radios Universitarias de Argentina (ARUNA). Ibarra es Licenciado en periodismo (UNLZ) y Mag\u00edster en periodismo y medios de comunicaci\u00f3n (UNLP), es docente de la Facultad de Ciencias Sociales y miembro de la Comisi\u00f3n Directiva Radio Universidad FM 90.1 Unicen-Olavarr\u00eda.<\/p>\n<p>&nbsp;<\/p>\n<p><img data-recalc-dims=\"1\" loading=\"lazy\" decoding=\"async\" class=\"alignnone size-large wp-image-22992\" src=\"https:\/\/i0.wp.com\/cdnoticias.com\/wp-content\/uploads\/2021\/06\/WhatsApp-Image-2021-06-02-at-10.52.02.jpeg?resize=800%2C806&#038;ssl=1\" alt=\"\" width=\"800\" height=\"806\" srcset=\"https:\/\/i0.wp.com\/cdnoticias.com\/wp-content\/uploads\/2021\/06\/WhatsApp-Image-2021-06-02-at-10.52.02.jpeg?resize=1016%2C1024&amp;ssl=1 1016w, https:\/\/i0.wp.com\/cdnoticias.com\/wp-content\/uploads\/2021\/06\/WhatsApp-Image-2021-06-02-at-10.52.02.jpeg?resize=150%2C150&amp;ssl=1 150w, https:\/\/i0.wp.com\/cdnoticias.com\/wp-content\/uploads\/2021\/06\/WhatsApp-Image-2021-06-02-at-10.52.02.jpeg?resize=298%2C300&amp;ssl=1 298w, https:\/\/i0.wp.com\/cdnoticias.com\/wp-content\/uploads\/2021\/06\/WhatsApp-Image-2021-06-02-at-10.52.02.jpeg?resize=768%2C774&amp;ssl=1 768w, https:\/\/i0.wp.com\/cdnoticias.com\/wp-content\/uploads\/2021\/06\/WhatsApp-Image-2021-06-02-at-10.52.02.jpeg?w=1270&amp;ssl=1 1270w\" sizes=\"auto, (max-width: 800px) 100vw, 800px\" \/><\/p>\n<p>&nbsp;<\/p>\n<p><strong>A las 18 dar\u00e1 inicio la segunda actividad, titulada \u201cEl periodismo en tiempos de c\u00f3lera: debates en torno a lo \u00e9tico\u201d.<\/strong> El prop\u00f3sito del panel es reflexionar acerca de la necesidad de reinstalar la \u00e9tica en el ejercicio del periodismo y las formas de lograrlo, y <strong>se compartir\u00e1n experiencias desde la mirada de la psicolog\u00eda, la filosof\u00eda y el periodismo de investigaci\u00f3n<\/strong>. Los panelistas invitados son Miguel Santagada (UBA &#8211; UNICEN), Roberto Caballero (Revista Contraeditorial) y Nora Merl\u00edn (El Destape, P\u00e1gina\/12).<\/p>\n<p>&nbsp;<\/p>\n<p><strong>Moderar\u00e1n el panel los docentes de la FACSO, el Licenciado Alejandro Ippolito y el licenciado periodista especializado en cultura Sebasti\u00e1n Benedetti<\/strong>. La actividad ser\u00e1 transmitida a trav\u00e9s del <a href=\"https:\/\/www.youtube.com\/user\/facsounicen\" target=\"_blank\" rel=\"noopener\">Canal de Youtube de la FACSO<\/a> y la inscripci\u00f3n para certificaci\u00f3n se debe realizar a trav\u00e9s del <a href=\"https:\/\/docs.google.com\/forms\/d\/1gVQThhd1EOVjYLR7ZrMrF-g9-L1WSqO0NQvVe2DSX7U\/viewform?edit_requested=true\" target=\"_blank\" rel=\"noopener\">formulario disponible aqu\u00ed<\/a>.<\/p>\n","protected":false},"excerpt":{"rendered":"<p>Ser\u00e1n durante la tarde del pr\u00f3ximo lunes y tendr\u00e1n la intervenci\u00f3n de destacados disertantes. Los detalles para poder participar.<\/p>\n","protected":false},"author":2,"featured_media":22993,"comment_status":"closed","ping_status":"closed","sticky":false,"template":"","format":"standard","meta":{"_jetpack_memberships_contains_paid_content":false,"footnotes":""},"categories":[5],"tags":[],"class_list":["post-22990","post","type-post","status-publish","format-standard","has-post-thumbnail","hentry","category-informacion-general"],"jetpack_featured_media_url":"https:\/\/i0.wp.com\/cdnoticias.com\/wp-content\/uploads\/2021\/06\/jornadas-sociales.jpg?fit=800%2C445&ssl=1","jetpack_sharing_enabled":true,"_links":{"self":[{"href":"https:\/\/cdnoticias.com\/index.php\/wp-json\/wp\/v2\/posts\/22990","targetHints":{"allow":["GET"]}}],"collection":[{"href":"https:\/\/cdnoticias.com\/index.php\/wp-json\/wp\/v2\/posts"}],"about":[{"href":"https:\/\/cdnoticias.com\/index.php\/wp-json\/wp\/v2\/types\/post"}],"author":[{"embeddable":true,"href":"https:\/\/cdnoticias.com\/index.php\/wp-json\/wp\/v2\/users\/2"}],"replies":[{"embeddable":true,"href":"https:\/\/cdnoticias.com\/index.php\/wp-json\/wp\/v2\/comments?post=22990"}],"version-history":[{"count":0,"href":"https:\/\/cdnoticias.com\/index.php\/wp-json\/wp\/v2\/posts\/22990\/revisions"}],"wp:featuredmedia":[{"embeddable":true,"href":"https:\/\/cdnoticias.com\/index.php\/wp-json\/wp\/v2\/media\/22993"}],"wp:attachment":[{"href":"https:\/\/cdnoticias.com\/index.php\/wp-json\/wp\/v2\/media?parent=22990"}],"wp:term":[{"taxonomy":"category","embeddable":true,"href":"https:\/\/cdnoticias.com\/index.php\/wp-json\/wp\/v2\/categories?post=22990"},{"taxonomy":"post_tag","embeddable":true,"href":"https:\/\/cdnoticias.com\/index.php\/wp-json\/wp\/v2\/tags?post=22990"}],"curies":[{"name":"wp","href":"https:\/\/api.w.org\/{rel}","templated":true}]}}