{"id":22986,"date":"2021-06-02T16:10:50","date_gmt":"2021-06-02T19:10:50","guid":{"rendered":"http:\/\/www.centraldenoticias.com.ar\/?p=22986"},"modified":"2021-06-02T16:10:50","modified_gmt":"2021-06-02T19:10:50","slug":"segunda-ola-en-bolivar-debieron-trasladar-en-avion-sanitario-a-un-paciente","status":"publish","type":"post","link":"https:\/\/cdnoticias.com\/index.php\/2021\/06\/02\/segunda-ola-en-bolivar-debieron-trasladar-en-avion-sanitario-a-un-paciente\/","title":{"rendered":"Segunda Ola: En Bol\u00edvar debieron trasladar en avi\u00f3n sanitario a un paciente"},"content":{"rendered":"<p>Debido a la gravedad de su cuadro de Covid19, fue derivado a un centro asistencial de alta complejidad de la Capital Federal.<!--more--><\/p>\n<hr \/>\n<p>En el cierre de la ma\u00f1ana de este mi\u00e9rcoles un bombero voluntario de Bol\u00edvar<strong> fue trasladado en un avi\u00f3n sanitario a un centro asistencial de Capital Federal, debido al delicado cuadro de Covid19 que presenta<\/strong>, seg\u00fan relat\u00f3 el Diario La Ma\u00f1ana de la vecina ciudad.<\/p>\n<p>&nbsp;<\/p>\n<p>Se detall\u00f3 que el viaje se iba a realizar en una primera instancia durante la noche del \u00faltimo martes, pero todo debi\u00f3 postergarse debido a las malas condiciones clim\u00e1ticas, que afectaban notablemente la visibilidad, se precis\u00f3.\u00a0El paciente se llama Luciano Rusillo, quien <strong>fue internado hace unos d\u00edas al presentar complicaciones pulmonares su cuadro de COVID 19 y el agravamiento de su situaci\u00f3n de salud aconsej\u00f3 su derivaci\u00f3n hacia un centro de alta complejidad, m\u00e1s precisamente el Hospital El Cruce, ubicado en Florencia Varela.<\/strong><\/p>\n<p>&nbsp;<\/p>\n<p><img data-recalc-dims=\"1\" loading=\"lazy\" decoding=\"async\" class=\"alignnone size-large wp-image-22988\" src=\"https:\/\/i0.wp.com\/cdnoticias.com\/wp-content\/uploads\/2021\/06\/avionsanitario2-1024x576-1024x576.jpg?resize=800%2C450&#038;ssl=1\" alt=\"\" width=\"800\" height=\"450\" srcset=\"https:\/\/i0.wp.com\/cdnoticias.com\/wp-content\/uploads\/2021\/06\/avionsanitario2-1024x576.jpg?resize=1024%2C576&amp;ssl=1 1024w, https:\/\/i0.wp.com\/cdnoticias.com\/wp-content\/uploads\/2021\/06\/avionsanitario2-1024x576.jpg?resize=300%2C169&amp;ssl=1 300w, https:\/\/i0.wp.com\/cdnoticias.com\/wp-content\/uploads\/2021\/06\/avionsanitario2-1024x576.jpg?resize=768%2C432&amp;ssl=1 768w\" sizes=\"auto, (max-width: 800px) 100vw, 800px\" \/><\/p>\n<p>&nbsp;<\/p>\n<p>En el aeropuerto se despleg\u00f3 un importante operativo que cont\u00f3 no solo con la <strong>presencia de profesionales de la salud, sino tambi\u00e9n integrantes del cuartel de bomberos voluntarios, adem\u00e1s de personal del \u00e1rea de Defensa Civil<\/strong>.<\/p>\n<p>&nbsp;<\/p>\n<p>Personal m\u00e9dico procedente desde La Plata acompa\u00f1\u00f3 a Russillo en el vuelo que demandar\u00eda aproximadamente 50 minutos para llegar a destino. <strong>El propio intendente municipal, Marcos Pisano, se hizo presente en el aer\u00f3dromo y all\u00ed permaneci\u00f3 hasta el momento del despegue del avi\u00f3n sanitario<\/strong>.<\/p>\n<p>&nbsp;<\/p>\n<p><a href=\"https:\/\/www.diariolamanana.com.ar\/noticia\/en-avion-sanitario-trasladaron-a-un-bombero-local-al-hospital-el-cruce\/\" target=\"_blank\" rel=\"noopener\"><em>Fotos y fuente Diario La Ma\u00f1ana de Bol\u00edvar\u00a0<\/em><\/a><\/p>\n","protected":false},"excerpt":{"rendered":"<p>Debido a la gravedad de su cuadro de Covid19, fue derivado a un centro asistencial de alta complejidad de la<\/p>\n","protected":false},"author":2,"featured_media":22987,"comment_status":"closed","ping_status":"closed","sticky":false,"template":"","format":"standard","meta":{"_jetpack_memberships_contains_paid_content":false,"footnotes":""},"categories":[6,1],"tags":[],"class_list":["post-22986","post","type-post","status-publish","format-standard","has-post-thumbnail","hentry","category-nacionales","category-portada"],"jetpack_featured_media_url":"https:\/\/i0.wp.com\/cdnoticias.com\/wp-content\/uploads\/2021\/06\/avionsanitario1-600x338.jpg?fit=600%2C338&ssl=1","jetpack_sharing_enabled":true,"_links":{"self":[{"href":"https:\/\/cdnoticias.com\/index.php\/wp-json\/wp\/v2\/posts\/22986","targetHints":{"allow":["GET"]}}],"collection":[{"href":"https:\/\/cdnoticias.com\/index.php\/wp-json\/wp\/v2\/posts"}],"about":[{"href":"https:\/\/cdnoticias.com\/index.php\/wp-json\/wp\/v2\/types\/post"}],"author":[{"embeddable":true,"href":"https:\/\/cdnoticias.com\/index.php\/wp-json\/wp\/v2\/users\/2"}],"replies":[{"embeddable":true,"href":"https:\/\/cdnoticias.com\/index.php\/wp-json\/wp\/v2\/comments?post=22986"}],"version-history":[{"count":0,"href":"https:\/\/cdnoticias.com\/index.php\/wp-json\/wp\/v2\/posts\/22986\/revisions"}],"wp:featuredmedia":[{"embeddable":true,"href":"https:\/\/cdnoticias.com\/index.php\/wp-json\/wp\/v2\/media\/22987"}],"wp:attachment":[{"href":"https:\/\/cdnoticias.com\/index.php\/wp-json\/wp\/v2\/media?parent=22986"}],"wp:term":[{"taxonomy":"category","embeddable":true,"href":"https:\/\/cdnoticias.com\/index.php\/wp-json\/wp\/v2\/categories?post=22986"},{"taxonomy":"post_tag","embeddable":true,"href":"https:\/\/cdnoticias.com\/index.php\/wp-json\/wp\/v2\/tags?post=22986"}],"curies":[{"name":"wp","href":"https:\/\/api.w.org\/{rel}","templated":true}]}}