{"id":22980,"date":"2021-06-02T14:44:26","date_gmt":"2021-06-02T17:44:26","guid":{"rendered":"http:\/\/www.centraldenoticias.com.ar\/?p=22980"},"modified":"2021-06-02T14:44:26","modified_gmt":"2021-06-02T17:44:26","slug":"galli-continua-con-la-recorrida-por-empresas-locales","status":"publish","type":"post","link":"https:\/\/cdnoticias.com\/index.php\/2021\/06\/02\/galli-continua-con-la-recorrida-por-empresas-locales\/","title":{"rendered":"Galli contin\u00faa con la recorrida por empresas locales"},"content":{"rendered":"<p>En esta ocasi\u00f3n fue el turno de un local de copiadoras. El jefe comunal asisti\u00f3 junto al Secretario de Desarrollo Econ\u00f3mico, Julio Valetutto.<!--more--><\/p>\n<hr \/>\n<p>En la ma\u00f1ana de este mi\u00e9rcoles<strong>, el intendente Ezequiel Galli, acompa\u00f1ado por el secretario de Desarrollo Econ\u00f3mico Julio Valetutto, recorrieron el local comercial de copiadoras Parini en el marco de las visitas a empresas que permiten conocer su funcionamiento, c\u00f3mo se lleva adelante una parte de sus procesos productivos y los servicios que ofrecen.<\/strong><\/p>\n<p>&nbsp;<\/p>\n<p>En el local (ubicado en avenida Pringles 2028) fueron recibidos por Jorge Parini -quien junto a su hermano Fernando- se encuentra al frente del emprendimiento familiar, que<strong> cuenta con m\u00e1s de 20 a\u00f1os de experiencia en el sector.<\/strong><\/p>\n<p>&nbsp;<\/p>\n<p><img data-recalc-dims=\"1\" loading=\"lazy\" decoding=\"async\" class=\"alignnone size-large wp-image-22981\" src=\"https:\/\/i0.wp.com\/cdnoticias.com\/wp-content\/uploads\/2021\/06\/DE-Visita-Parini-1-scaled.jpg?resize=800%2C534&#038;ssl=1\" alt=\"\" width=\"800\" height=\"534\" srcset=\"https:\/\/i0.wp.com\/cdnoticias.com\/wp-content\/uploads\/2021\/06\/DE-Visita-Parini-1-scaled.jpg?resize=1024%2C684&amp;ssl=1 1024w, https:\/\/i0.wp.com\/cdnoticias.com\/wp-content\/uploads\/2021\/06\/DE-Visita-Parini-1-scaled.jpg?resize=300%2C201&amp;ssl=1 300w, https:\/\/i0.wp.com\/cdnoticias.com\/wp-content\/uploads\/2021\/06\/DE-Visita-Parini-1-scaled.jpg?resize=768%2C513&amp;ssl=1 768w, https:\/\/i0.wp.com\/cdnoticias.com\/wp-content\/uploads\/2021\/06\/DE-Visita-Parini-1-scaled.jpg?resize=272%2C182&amp;ssl=1 272w, https:\/\/i0.wp.com\/cdnoticias.com\/wp-content\/uploads\/2021\/06\/DE-Visita-Parini-1-scaled.jpg?w=1600&amp;ssl=1 1600w, https:\/\/i0.wp.com\/cdnoticias.com\/wp-content\/uploads\/2021\/06\/DE-Visita-Parini-1-scaled.jpg?w=2400&amp;ssl=1 2400w\" sizes=\"auto, (max-width: 800px) 100vw, 800px\" \/><\/p>\n<p>&nbsp;<\/p>\n<p>Adem\u00e1s, tiene personal capacitado con un vasto conocimiento, que ofrece una gran variedad de soluciones en relaci\u00f3n a los diferentes productos y marcas, en pos de optimizar las tareas habituales de impresi\u00f3n, copiado, digitalizaci\u00f3n, almacenamiento y distribuci\u00f3n de documentos.<\/p>\n<p>&nbsp;<\/p>\n<p>Dicha empresa se distingue por su trayectoria en el rubro, amplio stock, disponibilidad inmediata, equipos de alta resoluci\u00f3n y una atenci\u00f3n profesional garantizada.<\/p>\n","protected":false},"excerpt":{"rendered":"<p>En esta ocasi\u00f3n fue el turno de un local de copiadoras. El jefe comunal asisti\u00f3 junto al Secretario de Desarrollo<\/p>\n","protected":false},"author":2,"featured_media":22982,"comment_status":"closed","ping_status":"closed","sticky":false,"template":"","format":"standard","meta":{"_jetpack_memberships_contains_paid_content":false,"footnotes":""},"categories":[5,1],"tags":[],"class_list":["post-22980","post","type-post","status-publish","format-standard","has-post-thumbnail","hentry","category-informacion-general","category-portada"],"jetpack_featured_media_url":"https:\/\/i0.wp.com\/cdnoticias.com\/wp-content\/uploads\/2021\/06\/DE-Visita-Parini-2-scaled-1.jpg?fit=2560%2C1711&ssl=1","jetpack_sharing_enabled":true,"_links":{"self":[{"href":"https:\/\/cdnoticias.com\/index.php\/wp-json\/wp\/v2\/posts\/22980","targetHints":{"allow":["GET"]}}],"collection":[{"href":"https:\/\/cdnoticias.com\/index.php\/wp-json\/wp\/v2\/posts"}],"about":[{"href":"https:\/\/cdnoticias.com\/index.php\/wp-json\/wp\/v2\/types\/post"}],"author":[{"embeddable":true,"href":"https:\/\/cdnoticias.com\/index.php\/wp-json\/wp\/v2\/users\/2"}],"replies":[{"embeddable":true,"href":"https:\/\/cdnoticias.com\/index.php\/wp-json\/wp\/v2\/comments?post=22980"}],"version-history":[{"count":0,"href":"https:\/\/cdnoticias.com\/index.php\/wp-json\/wp\/v2\/posts\/22980\/revisions"}],"wp:featuredmedia":[{"embeddable":true,"href":"https:\/\/cdnoticias.com\/index.php\/wp-json\/wp\/v2\/media\/22982"}],"wp:attachment":[{"href":"https:\/\/cdnoticias.com\/index.php\/wp-json\/wp\/v2\/media?parent=22980"}],"wp:term":[{"taxonomy":"category","embeddable":true,"href":"https:\/\/cdnoticias.com\/index.php\/wp-json\/wp\/v2\/categories?post=22980"},{"taxonomy":"post_tag","embeddable":true,"href":"https:\/\/cdnoticias.com\/index.php\/wp-json\/wp\/v2\/tags?post=22980"}],"curies":[{"name":"wp","href":"https:\/\/api.w.org\/{rel}","templated":true}]}}