{"id":22968,"date":"2021-06-02T14:15:53","date_gmt":"2021-06-02T17:15:53","guid":{"rendered":"http:\/\/www.centraldenoticias.com.ar\/?p=22968"},"modified":"2021-06-02T14:15:53","modified_gmt":"2021-06-02T17:15:53","slug":"el-tren-sanitario-estara-en-hinojo-y-olavarria","status":"publish","type":"post","link":"https:\/\/cdnoticias.com\/index.php\/2021\/06\/02\/el-tren-sanitario-estara-en-hinojo-y-olavarria\/","title":{"rendered":"El Tren Sanitario estar\u00e1 en Hinojo y Olavarr\u00eda"},"content":{"rendered":"<p>Estar\u00e1 dos d\u00edas en la localidad y otros tres en nuestra ciudad. Adem\u00e1s de testeo y diagn\u00f3stico por COVID, habr\u00e1 vacunaci\u00f3n de calendario disponible para aquellos que necesiten actualizar su Libreta Sanitaria.\u00a0<!--more--><\/p>\n<hr \/>\n<p>En la <a href=\"https:\/\/cdnoticias.com\/index.php\/2021\/06\/02\/ramiro-borzi-hoy-vamos-a-superar-los-30-000-olavarrienses-vacunados\/\" target=\"_blank\" rel=\"noopener\">conferencia de actualizaci\u00f3n del trabajo en la vacunaci\u00f3n contra el COVID en Olavarr\u00eda<\/a>, <strong>el Director de la Regi\u00f3n Sanitaria IX, Ramiro Borzi, dio detalles de la llegada del Tren Sanitario tanto a Hinojo como a nuestra ciudad<\/strong>, en el marco de la profundizaci\u00f3n de los controles en la pandemia.<\/p>\n<p>&nbsp;<\/p>\n<blockquote><p>Se indic\u00f3 que a Hinojo llegar\u00e1 el 10 y 11 de junio, mientras que del 12 al 15 estar\u00e1 en Olavarr\u00eda, en las respectivas estaciones de tren.<\/p><\/blockquote>\n<p>&nbsp;<\/p>\n<p>All\u00ed, habr\u00e1 cuatro objetivos principales:<strong> se realizar\u00e1n testeos y diagn\u00f3stico COVID (con hisopados de ant\u00edgenos, se detall\u00f3), se impulsar\u00e1 la vacunaci\u00f3n de calendario (para todos aquellos que deseen y necesiten actualizar su Libreta Sanitaria), sumado a la realizaci\u00f3n de diversos controles y la Promoci\u00f3n de la Salud.<\/strong><\/p>\n<p>&nbsp;<\/p>\n<p><img data-recalc-dims=\"1\" loading=\"lazy\" decoding=\"async\" class=\"alignnone size-large wp-image-22971\" src=\"https:\/\/i0.wp.com\/cdnoticias.com\/wp-content\/uploads\/2021\/06\/WhatsApp-Image-2021-06-02-at-11.37.33-1.jpeg?resize=800%2C445&#038;ssl=1\" alt=\"\" width=\"800\" height=\"445\" srcset=\"https:\/\/i0.wp.com\/cdnoticias.com\/wp-content\/uploads\/2021\/06\/WhatsApp-Image-2021-06-02-at-11.37.33-1.jpeg?resize=1024%2C569&amp;ssl=1 1024w, https:\/\/i0.wp.com\/cdnoticias.com\/wp-content\/uploads\/2021\/06\/WhatsApp-Image-2021-06-02-at-11.37.33-1.jpeg?resize=300%2C167&amp;ssl=1 300w, https:\/\/i0.wp.com\/cdnoticias.com\/wp-content\/uploads\/2021\/06\/WhatsApp-Image-2021-06-02-at-11.37.33-1.jpeg?resize=768%2C427&amp;ssl=1 768w, https:\/\/i0.wp.com\/cdnoticias.com\/wp-content\/uploads\/2021\/06\/WhatsApp-Image-2021-06-02-at-11.37.33-1.jpeg?resize=800%2C445&amp;ssl=1 800w, https:\/\/i0.wp.com\/cdnoticias.com\/wp-content\/uploads\/2021\/06\/WhatsApp-Image-2021-06-02-at-11.37.33-1.jpeg?w=1152&amp;ssl=1 1152w\" sizes=\"auto, (max-width: 800px) 100vw, 800px\" \/><\/p>\n<p>&nbsp;<\/p>\n<p>La intenci\u00f3n adem\u00e1s es generar <strong>un puente entre la Provincia y la comunidad para garantizar el acceso a la Salud pero tambi\u00e9n reforzar a\u00fan m\u00e1s los cuidados en esta etapa de la pandemia<\/strong>, la que el propio Borzi caratul\u00f3 como una \u201cmuy extensa segunda ola\u201d.<\/p>\n","protected":false},"excerpt":{"rendered":"<p>Estar\u00e1 dos d\u00edas en la localidad y otros tres en nuestra ciudad. Adem\u00e1s de testeo y diagn\u00f3stico por COVID, habr\u00e1<\/p>\n","protected":false},"author":2,"featured_media":22972,"comment_status":"closed","ping_status":"closed","sticky":false,"template":"","format":"standard","meta":{"_jetpack_memberships_contains_paid_content":false,"footnotes":""},"categories":[16,1],"tags":[],"class_list":["post-22968","post","type-post","status-publish","format-standard","has-post-thumbnail","hentry","category-covid-19","category-portada"],"jetpack_featured_media_url":"https:\/\/i0.wp.com\/cdnoticias.com\/wp-content\/uploads\/2021\/06\/WhatsApp-Image-2021-06-02-at-11.37.33.jpeg?fit=1152%2C640&ssl=1","jetpack_sharing_enabled":true,"_links":{"self":[{"href":"https:\/\/cdnoticias.com\/index.php\/wp-json\/wp\/v2\/posts\/22968","targetHints":{"allow":["GET"]}}],"collection":[{"href":"https:\/\/cdnoticias.com\/index.php\/wp-json\/wp\/v2\/posts"}],"about":[{"href":"https:\/\/cdnoticias.com\/index.php\/wp-json\/wp\/v2\/types\/post"}],"author":[{"embeddable":true,"href":"https:\/\/cdnoticias.com\/index.php\/wp-json\/wp\/v2\/users\/2"}],"replies":[{"embeddable":true,"href":"https:\/\/cdnoticias.com\/index.php\/wp-json\/wp\/v2\/comments?post=22968"}],"version-history":[{"count":0,"href":"https:\/\/cdnoticias.com\/index.php\/wp-json\/wp\/v2\/posts\/22968\/revisions"}],"wp:featuredmedia":[{"embeddable":true,"href":"https:\/\/cdnoticias.com\/index.php\/wp-json\/wp\/v2\/media\/22972"}],"wp:attachment":[{"href":"https:\/\/cdnoticias.com\/index.php\/wp-json\/wp\/v2\/media?parent=22968"}],"wp:term":[{"taxonomy":"category","embeddable":true,"href":"https:\/\/cdnoticias.com\/index.php\/wp-json\/wp\/v2\/categories?post=22968"},{"taxonomy":"post_tag","embeddable":true,"href":"https:\/\/cdnoticias.com\/index.php\/wp-json\/wp\/v2\/tags?post=22968"}],"curies":[{"name":"wp","href":"https:\/\/api.w.org\/{rel}","templated":true}]}}