{"id":22963,"date":"2021-06-02T13:21:46","date_gmt":"2021-06-02T16:21:46","guid":{"rendered":"http:\/\/www.centraldenoticias.com.ar\/?p=22963"},"modified":"2021-06-02T14:33:59","modified_gmt":"2021-06-02T17:33:59","slug":"ramiro-borzi-hoy-vamos-a-superar-los-30-000-olavarrienses-vacunados","status":"publish","type":"post","link":"https:\/\/cdnoticias.com\/index.php\/2021\/06\/02\/ramiro-borzi-hoy-vamos-a-superar-los-30-000-olavarrienses-vacunados\/","title":{"rendered":"Ramiro Borzi: \u201cHoy vamos a superar los 30.000 olavarrienses vacunados\u201d"},"content":{"rendered":"<p>El director de la Regi\u00f3n IX actualiz\u00f3 la informaci\u00f3n de la campa\u00f1a de vacunaci\u00f3n contra el Covid. Cobertura superior a 90% entre mayores de 70 y de 60 a\u00f1os.<!--more--><\/p>\n<hr \/>\n<p><strong>El director de la Regi\u00f3n Sanitaria IX, Ramiro Borzi, encabez\u00f3 una conferencia de prensa este mi\u00e9rcoles en la que brind\u00f3 datos actualizados de la campa\u00f1a de vacunaci\u00f3n contra el Covid en Olavarr\u00eda<\/strong>.<\/p>\n<p>&nbsp;<\/p>\n<p>Fue en el <strong>Club Estrella de Villa Floresta<\/strong> donde tambi\u00e9n estuvieron <strong>la directora asociada, Norma \u00c1lvarez Morello, y los titulares de IOMA, Ramiro V\u00e1zquez, y de PAMI, Jorge Garaiz<\/strong>. En ese marco se anunci\u00f3 la <a href=\"https:\/\/cdnoticias.com\/index.php\/2021\/06\/02\/la-provincia-instalara-una-posta-de-testeos-de-covid-en-olavarria\/\" target=\"_blank\" rel=\"noopener\">puesta en marcha de una posta de testeos de Provincia<\/a> la semana pr\u00f3xima.<\/p>\n<p>&nbsp;<\/p>\n<blockquote><p>En cuanto a la vacunaci\u00f3n Covid, en Olavarr\u00eda se han aplicado en total 39.181 dosis de las cuales 29.547 son del primer componente.<\/p><\/blockquote>\n<p>&nbsp;<\/p>\n<p><strong>\u201cHoy vamos a superar los 30 mil olavarrienses vacunados\u201d<\/strong> destac\u00f3 Borzi quien consider\u00f3 que el crecimiento de las cifras <strong>\u201cmuestra c\u00f3mo avanza de forma sostenida el plan de vacunaci\u00f3n\u201d<\/strong>. M\u00e1s adelante expres\u00f3 que <strong>se espera para este mi\u00e9rcoles inmunizar a alrededor de mil personas<\/strong>.<\/p>\n<p><img data-recalc-dims=\"1\" loading=\"lazy\" decoding=\"async\" class=\"size-full wp-image-22966 aligncenter\" src=\"https:\/\/i0.wp.com\/cdnoticias.com\/wp-content\/uploads\/2021\/06\/vacunacion-Region-Sanitaria-IX-03.jpg?resize=800%2C445&#038;ssl=1\" alt=\"\" width=\"800\" height=\"445\" srcset=\"https:\/\/i0.wp.com\/cdnoticias.com\/wp-content\/uploads\/2021\/06\/vacunacion-Region-Sanitaria-IX-03.jpg?w=800&amp;ssl=1 800w, https:\/\/i0.wp.com\/cdnoticias.com\/wp-content\/uploads\/2021\/06\/vacunacion-Region-Sanitaria-IX-03.jpg?resize=300%2C167&amp;ssl=1 300w, https:\/\/i0.wp.com\/cdnoticias.com\/wp-content\/uploads\/2021\/06\/vacunacion-Region-Sanitaria-IX-03.jpg?resize=768%2C427&amp;ssl=1 768w\" sizes=\"auto, (max-width: 800px) 100vw, 800px\" \/><\/p>\n<p>En cuanto a los grupos alcanzados, se indic\u00f3 que<strong> 10.422 dosis fueron aplicadas a mayores de 70 a\u00f1os<\/strong> (92% de los anotados); <strong>9.158 a personas de entre 60 a 69<\/strong> (91% de los inscriptos); <strong>4.467 dosis a personas de 50 a 59<\/strong> y <strong>5.500 dosis a menores de 50 a\u00f1os<\/strong>.<\/p>\n<p>&nbsp;<\/p>\n<p><strong>Personal de salud<\/strong><\/p>\n<p>&nbsp;<\/p>\n<blockquote><p>\u201cEl personal de salud, en un alt\u00edsimo porcentaje ya est\u00e1 vacunado, 95%\u201d indic\u00f3 el director regional y reconoci\u00f3 que \u201caument\u00f3 el n\u00famero de inscriptos en el \u00faltimo tiempo\u201d.<\/p><\/blockquote>\n<p>&nbsp;<\/p>\n<p><strong>\u201cSabemos la demanda que hubo desde el Hospital, nuestro sistema nos mostraba que estaban casi todos vacunados\u201d<\/strong> dijo en referencia a la demanda que plante\u00f3 el Sindicato de Trabajadores Municipales.<\/p>\n<p>&nbsp;<\/p>\n<p><strong>Mayores de 70<\/strong><\/p>\n<p>&nbsp;<\/p>\n<p>El principal grupo objetivo sigue siendo el de mayores de 70 a\u00f1os cuyo alcance con la vacunaci\u00f3n supera el 90%.<strong> \u201cEs un excelente porcentaje. Queremos avanzar en ese resto que queda, de 800 personas\u201d<\/strong> indic\u00f3 Borzi.<\/p>\n<p>&nbsp;<\/p>\n<p>En ese marco tuvo en cuenta que \u201chay personas que se anotan y despu\u00e9s no se presentan a vacunarse. <strong>Seguimos haciendo hincapi\u00e9 en ir a buscarlos<\/strong>\u201d enfatiz\u00f3.<\/p>\n<p>&nbsp;<\/p>\n<blockquote><p>\u201cTenemos 88% de los que tienen factores de riesgo vacunados. Antes era 100%\u201d expuso Borzi para se\u00f1alar que este cambio porcentual se verifica a partir del aumento de la cantidad de inscriptos para vacunarse.<\/p><\/blockquote>\n<p>&nbsp;<\/p>\n<p>En cuanto a <strong>las aplicaciones que tuvo a su cargo PAMI, totalizan 2.200<\/strong>. De ellas, 1.249 son del primer componente y 1.051 del segundo. \u201cCasi todos est\u00e1n con el esquema completo\u201d indic\u00f3.<\/p>\n<p><img data-recalc-dims=\"1\" loading=\"lazy\" decoding=\"async\" class=\"size-full wp-image-22964 aligncenter\" src=\"https:\/\/i0.wp.com\/cdnoticias.com\/wp-content\/uploads\/2021\/06\/vacunacion-Region-Sanitaria-IX-01.jpg?resize=800%2C445&#038;ssl=1\" alt=\"\" width=\"800\" height=\"445\" srcset=\"https:\/\/i0.wp.com\/cdnoticias.com\/wp-content\/uploads\/2021\/06\/vacunacion-Region-Sanitaria-IX-01.jpg?w=800&amp;ssl=1 800w, https:\/\/i0.wp.com\/cdnoticias.com\/wp-content\/uploads\/2021\/06\/vacunacion-Region-Sanitaria-IX-01.jpg?resize=300%2C167&amp;ssl=1 300w, https:\/\/i0.wp.com\/cdnoticias.com\/wp-content\/uploads\/2021\/06\/vacunacion-Region-Sanitaria-IX-01.jpg?resize=768%2C427&amp;ssl=1 768w\" sizes=\"auto, (max-width: 800px) 100vw, 800px\" \/><\/p>\n<p>PAMI se ocup\u00f3 de 47 residencias de adultos mayores y de otras instituciones como Corpi, Cumel\u00e9n, Un d\u00eda Nuevo, Crecer Juntos y el Centro Teresa de Calculta. \u201cPAMI va a concluir en este mes en vacunar a toda su poblaci\u00f3n con las dos dosis\u201d se\u00f1al\u00f3.<\/p>\n<p>&nbsp;<\/p>\n<p><strong>Nuevos turnos<\/strong><\/p>\n<p>&nbsp;<\/p>\n<p>Tal como hab\u00eda adelantado <strong>Central de Noticias<\/strong>, el director regional indic\u00f3 que <a href=\"https:\/\/cdnoticias.com\/index.php\/2021\/05\/31\/ramiro-borzi-proyectamos-un-junio-donde-se-va-a-acelerar-aun-mas-la-vacunacion\/\" target=\"_blank\" rel=\"noopener\">\u201cpara esta semana llegaron 5.400 turnos\u201d<\/a> y estim\u00f3 una cifra similar para la pr\u00f3xima semana.<\/p>\n<p>&nbsp;<\/p>\n<p>Defini\u00f3 que tal n\u00famero<strong> \u201cmuestra un avance acelerado del plan\u201d<\/strong> y que completar los grupos de riesgo por edad \u201cva a permitir vacunar a quienes siguen despu\u00e9s como grupo prioritario: <strong>docentes y personal seguridad<\/strong>\u201d.<\/p>\n<p>&nbsp;<\/p>\n<p>En ese marco, indic\u00f3 que entre los inscriptos<strong> 12.000 personas son parte de los grupos prioritarios<\/strong> y, en base a la cantidad de turnos otorgados, estim\u00f3 que \u201cen dos semanas un poquito m\u00e1s podemos ya abrir el juego a otros grupos\u201d, en referencia a los menores de 49 a\u00f1os sin comorbilidades.<\/p>\n","protected":false},"excerpt":{"rendered":"<p>El director de la Regi\u00f3n IX actualiz\u00f3 la informaci\u00f3n de la campa\u00f1a de vacunaci\u00f3n contra el Covid. Cobertura superior a<\/p>\n","protected":false},"author":4,"featured_media":22965,"comment_status":"closed","ping_status":"closed","sticky":false,"template":"","format":"standard","meta":{"_jetpack_memberships_contains_paid_content":false,"footnotes":""},"categories":[16,1],"tags":[],"class_list":["post-22963","post","type-post","status-publish","format-standard","has-post-thumbnail","hentry","category-covid-19","category-portada"],"jetpack_featured_media_url":"https:\/\/i0.wp.com\/cdnoticias.com\/wp-content\/uploads\/2021\/06\/vacunacion-Region-Sanitaria-IX-02.jpg?fit=800%2C446&ssl=1","jetpack_sharing_enabled":true,"_links":{"self":[{"href":"https:\/\/cdnoticias.com\/index.php\/wp-json\/wp\/v2\/posts\/22963","targetHints":{"allow":["GET"]}}],"collection":[{"href":"https:\/\/cdnoticias.com\/index.php\/wp-json\/wp\/v2\/posts"}],"about":[{"href":"https:\/\/cdnoticias.com\/index.php\/wp-json\/wp\/v2\/types\/post"}],"author":[{"embeddable":true,"href":"https:\/\/cdnoticias.com\/index.php\/wp-json\/wp\/v2\/users\/4"}],"replies":[{"embeddable":true,"href":"https:\/\/cdnoticias.com\/index.php\/wp-json\/wp\/v2\/comments?post=22963"}],"version-history":[{"count":0,"href":"https:\/\/cdnoticias.com\/index.php\/wp-json\/wp\/v2\/posts\/22963\/revisions"}],"wp:featuredmedia":[{"embeddable":true,"href":"https:\/\/cdnoticias.com\/index.php\/wp-json\/wp\/v2\/media\/22965"}],"wp:attachment":[{"href":"https:\/\/cdnoticias.com\/index.php\/wp-json\/wp\/v2\/media?parent=22963"}],"wp:term":[{"taxonomy":"category","embeddable":true,"href":"https:\/\/cdnoticias.com\/index.php\/wp-json\/wp\/v2\/categories?post=22963"},{"taxonomy":"post_tag","embeddable":true,"href":"https:\/\/cdnoticias.com\/index.php\/wp-json\/wp\/v2\/tags?post=22963"}],"curies":[{"name":"wp","href":"https:\/\/api.w.org\/{rel}","templated":true}]}}