{"id":22960,"date":"2021-06-02T13:11:35","date_gmt":"2021-06-02T16:11:35","guid":{"rendered":"http:\/\/www.centraldenoticias.com.ar\/?p=22960"},"modified":"2021-06-02T13:11:35","modified_gmt":"2021-06-02T16:11:35","slug":"dia-del-bombero-voluntario-a-pesar-de-la-pandemia-nos-seguimos-esforzando","status":"publish","type":"post","link":"https:\/\/cdnoticias.com\/index.php\/2021\/06\/02\/dia-del-bombero-voluntario-a-pesar-de-la-pandemia-nos-seguimos-esforzando\/","title":{"rendered":"D\u00eda del Bombero Voluntario: \u201ca pesar de la pandemia nos seguimos esforzando\u201d"},"content":{"rendered":"<p>El jefe del Cuartel Central de nuestra ciudad, Ra\u00fal Ferreira, valor\u00f3 el trabajo realizado en este contexto adverso y dese\u00f3 \u201cque el a\u00f1o que viene cuando estemos todos vacunados podamos realizar nuestra fiesta\u201d. El agradecimiento al Municipio y a la comunidad.\u00a0<!--more--><\/p>\n<hr \/>\n<p>En el marco del d\u00eda del Bombero Voluntario en todo el pa\u00eds, <strong>el jefe del cuartel central de Olavarr\u00eda, Ra\u00fal Ferreira, public\u00f3 un video conmemorativo dedicando unas palabras a los bomberos del Partido, as\u00ed como deseo terminar la pandemia y poder celebrar el pr\u00f3ximo a\u00f1o.<\/strong><\/p>\n<p>&nbsp;<\/p>\n<p>Indic\u00f3 que por la situaci\u00f3n no se pueden realizar reuniones, pero <em>\u201ccreo que el a\u00f1o que viene, Dios mediante y si estamos todos vacunados, vamos a poder empezar a realizar nuestras fiestas donde nos juntamos a contar an\u00e9cdotas, a charlar mucho de los a\u00f1os que hemos pasado dentro de esta gran instituci\u00f3n\u201d.<\/em><\/p>\n<p>&nbsp;<\/p>\n<p>Destac\u00f3<strong><em> \u201cla profesionalidad y el alt\u00edsimo honor vocacional para servir a las distintas contingencias\u201d<\/em> <\/strong>y resalt\u00f3 el trabajo de <em>\u201cmis compa\u00f1eros del Cuartel Central, del Destacamento N\u00b01 de Loma Negra, N.\u00ba 2 de Sierras Bayas y N.\u00ba 3 de Hinojo, a todo el personal de reserva que siempre est\u00e1 atento a prestar servicios, por la constante entrega sin l\u00edmites de tiempo despojando muchas veces o casi siempre el contacto con la familia el trabajo y dem\u00e1s actividades de \u00edndole social de nuestras vidas privadas\u201d<\/em><\/p>\n<p>&nbsp;<\/p>\n<p><iframe loading=\"lazy\" title=\"YouTube video player\" src=\"https:\/\/www.youtube.com\/embed\/dpkDiRSOOAA\" width=\"560\" height=\"315\" frameborder=\"0\" allowfullscreen=\"allowfullscreen\"><\/iframe><\/p>\n<p>&nbsp;<\/p>\n<p>Se\u00f1al\u00f3 que<em> \u201c<strong>a pesar que la pandemia nuestro personal se sigue esforzando<\/strong> para garantizar recursos para capacitarse, para cumplir con las tareas de prevenci\u00f3n y para asistir a cuanta emergencia haya\u201d.<\/em><\/p>\n<p>&nbsp;<\/p>\n<p>Ferreira aprovech\u00f3 <em>\u201cesta fecha especial\u201d<\/em> para <em>\u201cm\u00e1s que nunca pedirle a nuestros dirigentes pol\u00edticos de turno pongan los ojos en este tipo de instituciones, tomando decisiones importantes con la madurez, la inteligencia y el sentido com\u00fan que nos merecemos para poder gestionar las ayudas econ\u00f3micas suficientes para el sostenimiento el mantenimiento la modernizaci\u00f3n y la capacitaci\u00f3n de nuestras instituciones que cubren el 80% de nuestro pa\u00eds\u201d.<\/em><\/p>\n<p>&nbsp;<\/p>\n<p>Tambi\u00e9n indic\u00f3 que<em> \u201cpor adversa que sea la situaci\u00f3n\u201d<\/em> tanto<em> \u201cen lo persona e institucional\u201d<\/em> los Bomberos <em>\u201cseguiremos haciendo todo el esfuerzo posible para ejecutar el compromiso que tenemos que salvaguardar vidas y bienes de nuestra comunidad, que es merecedora de este tipo de hombres y mujeres y que acompa\u00f1a permanentemente a nuestros requerimientos de ayuda econ\u00f3mica siendo part\u00edcipes de nuestro crecimiento institucional\u201d.<\/em><\/p>\n<p>&nbsp;<\/p>\n<p>Finalmente, agradeci\u00f3 a la comunidad en general,<em> \u201cal Municipio de Olavarr\u00eda, al intendente Ezequiel Galli y su equipo de gesti\u00f3n, a todas las empresas, las industrias y a todo el periodismo en general por mostrar el d\u00eda a d\u00eda nuestras tareas que muchas veces las hacemos en forma muy silenciosa y con perfil bajo\u201d.<\/em><\/p>\n","protected":false},"excerpt":{"rendered":"<p>El jefe del Cuartel Central de nuestra ciudad, Ra\u00fal Ferreira, valor\u00f3 el trabajo realizado en este contexto adverso y dese\u00f3<\/p>\n","protected":false},"author":2,"featured_media":22961,"comment_status":"closed","ping_status":"closed","sticky":false,"template":"","format":"standard","meta":{"_jetpack_memberships_contains_paid_content":false,"footnotes":""},"categories":[5,1],"tags":[],"class_list":["post-22960","post","type-post","status-publish","format-standard","has-post-thumbnail","hentry","category-informacion-general","category-portada"],"jetpack_featured_media_url":"https:\/\/i0.wp.com\/cdnoticias.com\/wp-content\/uploads\/2021\/06\/WhatsApp-Image-2021-06-02-at-09.05.11.jpeg?fit=1040%2C780&ssl=1","jetpack_sharing_enabled":true,"_links":{"self":[{"href":"https:\/\/cdnoticias.com\/index.php\/wp-json\/wp\/v2\/posts\/22960","targetHints":{"allow":["GET"]}}],"collection":[{"href":"https:\/\/cdnoticias.com\/index.php\/wp-json\/wp\/v2\/posts"}],"about":[{"href":"https:\/\/cdnoticias.com\/index.php\/wp-json\/wp\/v2\/types\/post"}],"author":[{"embeddable":true,"href":"https:\/\/cdnoticias.com\/index.php\/wp-json\/wp\/v2\/users\/2"}],"replies":[{"embeddable":true,"href":"https:\/\/cdnoticias.com\/index.php\/wp-json\/wp\/v2\/comments?post=22960"}],"version-history":[{"count":0,"href":"https:\/\/cdnoticias.com\/index.php\/wp-json\/wp\/v2\/posts\/22960\/revisions"}],"wp:featuredmedia":[{"embeddable":true,"href":"https:\/\/cdnoticias.com\/index.php\/wp-json\/wp\/v2\/media\/22961"}],"wp:attachment":[{"href":"https:\/\/cdnoticias.com\/index.php\/wp-json\/wp\/v2\/media?parent=22960"}],"wp:term":[{"taxonomy":"category","embeddable":true,"href":"https:\/\/cdnoticias.com\/index.php\/wp-json\/wp\/v2\/categories?post=22960"},{"taxonomy":"post_tag","embeddable":true,"href":"https:\/\/cdnoticias.com\/index.php\/wp-json\/wp\/v2\/tags?post=22960"}],"curies":[{"name":"wp","href":"https:\/\/api.w.org\/{rel}","templated":true}]}}