{"id":22951,"date":"2021-06-02T10:27:01","date_gmt":"2021-06-02T13:27:01","guid":{"rendered":"http:\/\/www.centraldenoticias.com.ar\/?p=22951"},"modified":"2021-06-02T12:07:14","modified_gmt":"2021-06-02T15:07:14","slug":"parte-del-barrio-san-vicente-se-suma-a-la-recoleccion-diferenciada-de-residuos","status":"publish","type":"post","link":"https:\/\/cdnoticias.com\/index.php\/2021\/06\/02\/parte-del-barrio-san-vicente-se-suma-a-la-recoleccion-diferenciada-de-residuos\/","title":{"rendered":"Parte del barrio San Vicente se suma a la recolecci\u00f3n diferenciada de residuos"},"content":{"rendered":"<p>Se incorporan 500 hogares a las pruebas piloto del Programa GIRO. Trabajo conjunto con la Sociedad de Fomento y en breve se iniciar\u00e1 la recorrida por el sector para informar a los vecinos.<!--more--><\/p>\n<hr \/>\n<p><strong>Con la intenci\u00f3n de \u201cseguir fomentando una ciudad cada d\u00eda m\u00e1s sustentable e inclusiva\u201d el programa GIRO se extender\u00e1 a 500 hogares del barrio San Vicente<\/strong> que contar\u00e1n con una recolecci\u00f3n diferenciada en tres corrientes: reciclables, compostables y basura.<\/p>\n<p>&nbsp;<\/p>\n<p>Se detall\u00f3 desde el Municipio que la zona que se incorporar\u00e1 es la ubicada<strong> entre las avenidas Avellaneda y Pueyrred\u00f3n y las calles Rivadavia y Lavalle, junto con las dos manzanas entre la avenida Avellaneda y Giovanelli y entre Lavalle y Riobamba<\/strong>.<\/p>\n<p>&nbsp;<\/p>\n<blockquote><p>A modo de balance se destac\u00f3 que \u201clas primeras etapas de pruebas piloto han sido -hasta el momento- de gran aprendizaje y de un productivo di\u00e1logo con los residentes de la zona. Desde que comenz\u00f3 el programa, el 51% de los vecinos en las zonas piloto han empezado a darle un GIRO a sus residuos\u201d.<\/p><\/blockquote>\n<p>&nbsp;<\/p>\n<p><img data-recalc-dims=\"1\" loading=\"lazy\" decoding=\"async\" class=\"aligncenter wp-image-22952 size-full\" src=\"https:\/\/i0.wp.com\/cdnoticias.com\/wp-content\/uploads\/2021\/06\/DS-Programa-GIRO.jpg?resize=564%2C372&#038;ssl=1\" alt=\"\" width=\"564\" height=\"372\" srcset=\"https:\/\/i0.wp.com\/cdnoticias.com\/wp-content\/uploads\/2021\/06\/DS-Programa-GIRO.jpg?w=564&amp;ssl=1 564w, https:\/\/i0.wp.com\/cdnoticias.com\/wp-content\/uploads\/2021\/06\/DS-Programa-GIRO.jpg?resize=300%2C198&amp;ssl=1 300w\" sizes=\"auto, (max-width: 564px) 100vw, 564px\" \/><\/p>\n<p>Cabe recordar que hasta el momento las pruebas se han extendido en <a href=\"https:\/\/cdnoticias.com\/index.php\/2021\/04\/19\/comienza-la-segunda-etapa-de-giro-en-olavarria\/\" target=\"_blank\" rel=\"noopener\">los barrios Los Robles y Municipales<\/a> desde el mes de marzo.<\/p>\n<p>&nbsp;<\/p>\n<p>En cuanto a la nueva etapa se indic\u00f3 desde el Municipio que \u201ccon el objetivo de seguir aprendiendo y probando distintas soluciones, se incorporar\u00e1n un mayor n\u00famero de hogares que <strong>contribuir\u00e1n a entender cu\u00e1l es el sistema m\u00e1s adecuado para la ciudad<\/strong>\u201d.<\/p>\n<p>&nbsp;<\/p>\n<p>Para la incorporaci\u00f3n de estos nuevos hogares, <strong>el equipo de GIRO ha estado trabajando junto a la Sociedad de Fomento de San Vicente<\/strong> y en los pr\u00f3ximos d\u00edas comenzar\u00e1 a <strong>recorrer el barrio<\/strong>, dejando correspondencia en cada hogar con informaci\u00f3n sobre el Programa, los cambios del servicio y una gu\u00eda de separaci\u00f3n. A su vez, se ofrecer\u00e1 la posibilidad de registrarse en el programa GIRO para poder recibir informaci\u00f3n, recordatorios sobre los cambios y distintos consejos para facilitar la adaptaci\u00f3n al nuevo sistema.<\/p>\n<p>&nbsp;<\/p>\n<p><img data-recalc-dims=\"1\" loading=\"lazy\" decoding=\"async\" class=\"size-large wp-image-20424 aligncenter\" src=\"https:\/\/i0.wp.com\/cdnoticias.com\/wp-content\/uploads\/2021\/05\/DE-Relleno-Sanitario-1-1024x685-1024x685.jpg?resize=800%2C535&#038;ssl=1\" alt=\"\" width=\"800\" height=\"535\" srcset=\"https:\/\/i0.wp.com\/cdnoticias.com\/wp-content\/uploads\/2021\/05\/DE-Relleno-Sanitario-1-1024x685.jpg?resize=1024%2C685&amp;ssl=1 1024w, https:\/\/i0.wp.com\/cdnoticias.com\/wp-content\/uploads\/2021\/05\/DE-Relleno-Sanitario-1-1024x685.jpg?resize=300%2C201&amp;ssl=1 300w, https:\/\/i0.wp.com\/cdnoticias.com\/wp-content\/uploads\/2021\/05\/DE-Relleno-Sanitario-1-1024x685.jpg?resize=768%2C514&amp;ssl=1 768w, https:\/\/i0.wp.com\/cdnoticias.com\/wp-content\/uploads\/2021\/05\/DE-Relleno-Sanitario-1-1024x685.jpg?resize=272%2C182&amp;ssl=1 272w\" sizes=\"auto, (max-width: 800px) 100vw, 800px\" \/><\/p>\n<p>Con el lanzamiento de la primera etapa de pruebas piloto<a href=\"https:\/\/cdnoticias.com\/index.php\/2021\/05\/01\/giro-el-intendente-visito-las-plantas-de-reciclables-y-compostables\/\" target=\"_blank\" rel=\"noopener\"> se montaron una Planta de Clasificaci\u00f3n y una Planta de Compostaje<\/a> en las afueras de la ciudad, donde son enviados los materiales recuperados de los hogares para su posterior tratamiento.<\/p>\n<p>&nbsp;<\/p>\n<p>&nbsp;<\/p>\n<blockquote><p>En la actualidad, entre ambas plantas se incorporaron 10 personas que hoy cuentan con un empleo formal y se esperan nuevas incorporaciones a medida que las zonas piloto se expandan.<\/p><\/blockquote>\n<p>&nbsp;<\/p>\n<p>De esta forma, GIRO avanza en sus compromisos de desarrollar junto a la comunidad un <strong>sistema de reciclado que apunte tanto al impacto ambiental como al social<\/strong>. En <a href=\"https:\/\/giro.olavarria.gov.ar\/blog-y-noticias\/\" target=\"_blank\" rel=\"noopener\">el blog del programa GIRO<\/a> se puede encontrar m\u00e1s informaci\u00f3n sobre el trabajo que se realiza en ambas plantas.<\/p>\n<p>&nbsp;<\/p>\n","protected":false},"excerpt":{"rendered":"<p>Se incorporan 500 hogares a las pruebas piloto del Programa GIRO. Trabajo conjunto con la Sociedad de Fomento y en<\/p>\n","protected":false},"author":4,"featured_media":15230,"comment_status":"closed","ping_status":"closed","sticky":false,"template":"","format":"standard","meta":{"_jetpack_memberships_contains_paid_content":false,"footnotes":""},"categories":[5,1],"tags":[],"class_list":["post-22951","post","type-post","status-publish","format-standard","has-post-thumbnail","hentry","category-informacion-general","category-portada"],"jetpack_featured_media_url":"https:\/\/i0.wp.com\/cdnoticias.com\/wp-content\/uploads\/2021\/03\/giro02.jpg?fit=800%2C445&ssl=1","jetpack_sharing_enabled":true,"_links":{"self":[{"href":"https:\/\/cdnoticias.com\/index.php\/wp-json\/wp\/v2\/posts\/22951","targetHints":{"allow":["GET"]}}],"collection":[{"href":"https:\/\/cdnoticias.com\/index.php\/wp-json\/wp\/v2\/posts"}],"about":[{"href":"https:\/\/cdnoticias.com\/index.php\/wp-json\/wp\/v2\/types\/post"}],"author":[{"embeddable":true,"href":"https:\/\/cdnoticias.com\/index.php\/wp-json\/wp\/v2\/users\/4"}],"replies":[{"embeddable":true,"href":"https:\/\/cdnoticias.com\/index.php\/wp-json\/wp\/v2\/comments?post=22951"}],"version-history":[{"count":0,"href":"https:\/\/cdnoticias.com\/index.php\/wp-json\/wp\/v2\/posts\/22951\/revisions"}],"wp:featuredmedia":[{"embeddable":true,"href":"https:\/\/cdnoticias.com\/index.php\/wp-json\/wp\/v2\/media\/15230"}],"wp:attachment":[{"href":"https:\/\/cdnoticias.com\/index.php\/wp-json\/wp\/v2\/media?parent=22951"}],"wp:term":[{"taxonomy":"category","embeddable":true,"href":"https:\/\/cdnoticias.com\/index.php\/wp-json\/wp\/v2\/categories?post=22951"},{"taxonomy":"post_tag","embeddable":true,"href":"https:\/\/cdnoticias.com\/index.php\/wp-json\/wp\/v2\/tags?post=22951"}],"curies":[{"name":"wp","href":"https:\/\/api.w.org\/{rel}","templated":true}]}}