{"id":22942,"date":"2021-06-02T08:43:05","date_gmt":"2021-06-02T11:43:05","guid":{"rendered":"http:\/\/www.centraldenoticias.com.ar\/?p=22942"},"modified":"2021-06-02T08:44:58","modified_gmt":"2021-06-02T11:44:58","slug":"charla-sobre-las-violencias-en-pandemia","status":"publish","type":"post","link":"https:\/\/cdnoticias.com\/index.php\/2021\/06\/02\/charla-sobre-las-violencias-en-pandemia\/","title":{"rendered":"Charla sobre \u201cLas Violencias en Pandemia\u201d"},"content":{"rendered":"<p>Organizada por el Frente de Todos, ser\u00e1 encabezada por Josefina Kelly Neila integrante del Ministerio de las Mujeres, G\u00e9neros y Diversidad de la Naci\u00f3n en el sexto aniversario del Ni Una Menos.\u00a0<!--more--><\/p>\n<hr \/>\n<p><strong>&#8220;Las Violencias en Pandemia&#8221; ser\u00e1 el tema central de la charla a desarrollarse este jueves a cargo de Josefina Kelly Neila integrante del Ministerio de las Mujeres, G\u00e9neros y Diversidad de la Naci\u00f3n<\/strong>.<\/p>\n<p>&nbsp;<\/p>\n<p>La actividad, <strong>organizada por mujeres y disidencias del Frente de Todos de Olavarr\u00eda<\/strong>, se enmarca en el <strong>sexto aniversario del Ni Una Menos<\/strong>.<\/p>\n<p>&nbsp;<\/p>\n<p>La charla se realizar\u00e1 por la aplicaci\u00f3n Zoom <strong>abierta a todo p\u00fablico<\/strong> y estar\u00e1 al frente Josefina Kelly Neila, titular de la Secretar\u00eda de Pol\u00edticas contra la Violencia por Razones de G\u00e9nero.<\/p>\n<p><img data-recalc-dims=\"1\" loading=\"lazy\" decoding=\"async\" class=\"aligncenter wp-image-22943\" src=\"https:\/\/i0.wp.com\/cdnoticias.com\/wp-content\/uploads\/2021\/06\/charla-violencia-pandemia.jpeg?resize=500%2C500&#038;ssl=1\" alt=\"\" width=\"500\" height=\"500\" srcset=\"https:\/\/i0.wp.com\/cdnoticias.com\/wp-content\/uploads\/2021\/06\/charla-violencia-pandemia.jpeg?resize=1024%2C1024&amp;ssl=1 1024w, https:\/\/i0.wp.com\/cdnoticias.com\/wp-content\/uploads\/2021\/06\/charla-violencia-pandemia.jpeg?resize=150%2C150&amp;ssl=1 150w, https:\/\/i0.wp.com\/cdnoticias.com\/wp-content\/uploads\/2021\/06\/charla-violencia-pandemia.jpeg?resize=300%2C300&amp;ssl=1 300w, https:\/\/i0.wp.com\/cdnoticias.com\/wp-content\/uploads\/2021\/06\/charla-violencia-pandemia.jpeg?resize=768%2C768&amp;ssl=1 768w, https:\/\/i0.wp.com\/cdnoticias.com\/wp-content\/uploads\/2021\/06\/charla-violencia-pandemia.jpeg?w=1280&amp;ssl=1 1280w\" sizes=\"auto, (max-width: 500px) 100vw, 500px\" \/><\/p>\n<p>&nbsp;<\/p>\n<p>\u201cEl encuentro se realizar\u00e1 en el marco de un nuevo aniversario\u00a0 del nacimiento del movimiento Ni Una Menos que se conmemora cada 3 de junio, durante la charla <strong>se dar\u00e1 a conocer el Plan Nacional Contra la Violencia de G\u00e9nero<\/strong> y tambi\u00e9n se debatir\u00e1 sobre distintas problem\u00e1ticas actuales\u201d se inform\u00f3.<\/p>\n<p>&nbsp;<\/p>\n<p>Todas las personas interesadas en participar del encuentro <strong>el jueves 3 de junio 18 horas<\/strong>, deber\u00e1n completar <a href=\"https:\/\/bit.ly\/2R7nMyO\" target=\"_blank\" rel=\"noopener\">el formulario en este link<\/a> y recibir\u00e1n por mail y Whatsapp el link para acceder a la charla.<\/p>\n","protected":false},"excerpt":{"rendered":"<p>Organizada por el Frente de Todos, ser\u00e1 encabezada por Josefina Kelly Neila integrante del Ministerio de las Mujeres, G\u00e9neros y<\/p>\n","protected":false},"author":4,"featured_media":22944,"comment_status":"closed","ping_status":"closed","sticky":false,"template":"","format":"standard","meta":{"_jetpack_memberships_contains_paid_content":false,"footnotes":""},"categories":[3,1],"tags":[],"class_list":["post-22942","post","type-post","status-publish","format-standard","has-post-thumbnail","hentry","category-genero","category-portada"],"jetpack_featured_media_url":"https:\/\/i0.wp.com\/cdnoticias.com\/wp-content\/uploads\/2021\/06\/charla-violencia-pandemia00.jpg?fit=800%2C445&ssl=1","jetpack_sharing_enabled":true,"_links":{"self":[{"href":"https:\/\/cdnoticias.com\/index.php\/wp-json\/wp\/v2\/posts\/22942","targetHints":{"allow":["GET"]}}],"collection":[{"href":"https:\/\/cdnoticias.com\/index.php\/wp-json\/wp\/v2\/posts"}],"about":[{"href":"https:\/\/cdnoticias.com\/index.php\/wp-json\/wp\/v2\/types\/post"}],"author":[{"embeddable":true,"href":"https:\/\/cdnoticias.com\/index.php\/wp-json\/wp\/v2\/users\/4"}],"replies":[{"embeddable":true,"href":"https:\/\/cdnoticias.com\/index.php\/wp-json\/wp\/v2\/comments?post=22942"}],"version-history":[{"count":0,"href":"https:\/\/cdnoticias.com\/index.php\/wp-json\/wp\/v2\/posts\/22942\/revisions"}],"wp:featuredmedia":[{"embeddable":true,"href":"https:\/\/cdnoticias.com\/index.php\/wp-json\/wp\/v2\/media\/22944"}],"wp:attachment":[{"href":"https:\/\/cdnoticias.com\/index.php\/wp-json\/wp\/v2\/media?parent=22942"}],"wp:term":[{"taxonomy":"category","embeddable":true,"href":"https:\/\/cdnoticias.com\/index.php\/wp-json\/wp\/v2\/categories?post=22942"},{"taxonomy":"post_tag","embeddable":true,"href":"https:\/\/cdnoticias.com\/index.php\/wp-json\/wp\/v2\/tags?post=22942"}],"curies":[{"name":"wp","href":"https:\/\/api.w.org\/{rel}","templated":true}]}}