{"id":22920,"date":"2021-06-01T16:39:12","date_gmt":"2021-06-01T19:39:12","guid":{"rendered":"http:\/\/www.centraldenoticias.com.ar\/?p=22920"},"modified":"2021-06-01T16:39:12","modified_gmt":"2021-06-01T19:39:12","slug":"margarita-edel-sequeira-viuda-de-pagano-q-e-p-d","status":"publish","type":"post","link":"https:\/\/cdnoticias.com\/index.php\/2021\/06\/01\/margarita-edel-sequeira-viuda-de-pagano-q-e-p-d\/","title":{"rendered":"Margarita Edel Sequeira viuda de Pagano (Q.E.P.D.)"},"content":{"rendered":"<p>Falleci\u00f3 en Olavarr\u00eda el d\u00eda 1 de Junio de 2021 a los 81 a\u00f1os de edad.<\/p>\n<p>&nbsp;<\/p>\n<p>Sus restos ser\u00e1n velados este mi\u00e9rcoles desde las 8.30 en la sala velatoria de Espa\u00f1a 2942, departamento B, y ser\u00e1n inhumados desde las 10.30 en el Cementerio Loma de Paz, previo responso en la Capilla Ardiente. Servicio adherido a Coopelectric.<\/p>\n","protected":false},"excerpt":{"rendered":"<p>Falleci\u00f3 en Olavarr\u00eda el d\u00eda 1 de Junio de 2021 a los 81 a\u00f1os de edad. &nbsp; Sus restos ser\u00e1n<\/p>\n","protected":false},"author":3,"featured_media":0,"comment_status":"closed","ping_status":"closed","sticky":false,"template":"","format":"standard","meta":{"_jetpack_memberships_contains_paid_content":false,"footnotes":""},"categories":[10],"tags":[],"class_list":["post-22920","post","type-post","status-publish","format-standard","hentry","category-necrologicas"],"jetpack_featured_media_url":"","jetpack_sharing_enabled":true,"_links":{"self":[{"href":"https:\/\/cdnoticias.com\/index.php\/wp-json\/wp\/v2\/posts\/22920","targetHints":{"allow":["GET"]}}],"collection":[{"href":"https:\/\/cdnoticias.com\/index.php\/wp-json\/wp\/v2\/posts"}],"about":[{"href":"https:\/\/cdnoticias.com\/index.php\/wp-json\/wp\/v2\/types\/post"}],"author":[{"embeddable":true,"href":"https:\/\/cdnoticias.com\/index.php\/wp-json\/wp\/v2\/users\/3"}],"replies":[{"embeddable":true,"href":"https:\/\/cdnoticias.com\/index.php\/wp-json\/wp\/v2\/comments?post=22920"}],"version-history":[{"count":0,"href":"https:\/\/cdnoticias.com\/index.php\/wp-json\/wp\/v2\/posts\/22920\/revisions"}],"wp:attachment":[{"href":"https:\/\/cdnoticias.com\/index.php\/wp-json\/wp\/v2\/media?parent=22920"}],"wp:term":[{"taxonomy":"category","embeddable":true,"href":"https:\/\/cdnoticias.com\/index.php\/wp-json\/wp\/v2\/categories?post=22920"},{"taxonomy":"post_tag","embeddable":true,"href":"https:\/\/cdnoticias.com\/index.php\/wp-json\/wp\/v2\/tags?post=22920"}],"curies":[{"name":"wp","href":"https:\/\/api.w.org\/{rel}","templated":true}]}}