{"id":2289,"date":"2020-09-23T17:19:26","date_gmt":"2020-09-23T20:19:26","guid":{"rendered":"http:\/\/www.centraldenoticias.com.ar\/?p=2289"},"modified":"2020-09-23T17:19:26","modified_gmt":"2020-09-23T20:19:26","slug":"reconocimiento-de-la-comunidad-de-laprida-a-olavarria","status":"publish","type":"post","link":"https:\/\/cdnoticias.com\/index.php\/2020\/09\/23\/reconocimiento-de-la-comunidad-de-laprida-a-olavarria\/","title":{"rendered":"Reconocimiento de la comunidad de Laprida a Olavarr\u00eda"},"content":{"rendered":"<p>&nbsp;<\/p>\n<p><span style=\"color: #14171a;\"><span style=\"font-family: system-ui, apple-system, BlinkMacSystemFont, Segoe UI, Roboto, Ubuntu, Helvetica Neue, sans-serif;\"><span style=\"font-size: medium;\">El intendente Ezequiel Galli agradeci\u00f3 en redes sociales el presente recibido por parte de su par Pablo Torres por <em>\u201cla atenta colaboraci\u00f3n brindada a todas y todos los vecinos de nuestro distrito\u201d.<\/em><\/span><\/span><\/span><!--more--><\/p>\n<hr \/>\n<p><span style=\"color: #14171a;\"><span style=\"font-family: system-ui, apple-system, BlinkMacSystemFont, Segoe UI, Roboto, Ubuntu, Helvetica Neue, sans-serif;\"><span style=\"font-size: medium;\">Este mi\u00e9rcoles, el intendente Ezequiel Galli mostr\u00f3 el presente recibido por parte de la comunidad de Laprida <strong>en agradecimiento a la recepci\u00f3n de pacientes de la localidad<\/strong>. Desde el inicio de la pandemia, se han atendido en el Hospital Municipal \u201cDr. H\u00e9ctor Cura\u201d vecinos y vecinas de Laprida. Incluso en la actualidad, se encuentra internada una persona en el \u00e1rea de Terapia Intensiva. <\/span><\/span><\/span><\/p>\n<p>&nbsp;<\/p>\n<p><em><span style=\"color: #14171a;\">\u201c<\/span><\/em><span style=\"color: #14171a;\"><span style=\"font-family: system-ui, apple-system, BlinkMacSystemFont, Segoe UI, Roboto, Ubuntu, Helvetica Neue, sans-serif;\"><span style=\"font-size: medium;\"><em>Me lleg\u00f3 este reconocimiento desde la ciudad de Laprida, con un mensaje de su intendente Pablo Torres, que significa un gracias enorme a todo nuestro equipo de Salud por el compromiso y<strong> la atenci\u00f3n hacia todos los vecinos, sin importar la ciudad de donde provengan<\/strong>\u201d<\/em>, <\/span><\/span><\/span><span style=\"color: #14171a;\"><span style=\"font-family: system-ui, apple-system, BlinkMacSystemFont, Segoe UI, Roboto, Ubuntu, Helvetica Neue, sans-serif;\"><span style=\"font-size: medium;\">se\u00f1al\u00f3 Galli. <\/span><\/span><\/span><\/p>\n<p>&nbsp;<\/p>\n<p><span style=\"color: #14171a;\"><span style=\"font-family: system-ui, apple-system, BlinkMacSystemFont, Segoe UI, Roboto, Ubuntu, Helvetica Neue, sans-serif;\"><span style=\"font-size: medium;\">Adem\u00e1s, resalt\u00f3 que <strong><em>\u201cOlavarr\u00eda<\/em><\/strong><\/span><\/span><\/span><strong><em><span style=\"color: #14171a;\"><span style=\"font-family: system-ui, apple-system, BlinkMacSystemFont, Segoe UI, Roboto, Ubuntu, Helvetica Neue, sans-serif;\"><span style=\"font-size: medium;\"> es solidaria y siempre estaremos a disposici\u00f3n de quienes m\u00e1s nos necesiten\u201d.<\/span><\/span><\/span><\/em><\/strong><\/p>\n<p>&nbsp;<\/p>\n<p><img data-recalc-dims=\"1\" loading=\"lazy\" decoding=\"async\" class=\"alignnone size-full wp-image-2290\" src=\"https:\/\/i0.wp.com\/cdnoticias.com\/wp-content\/uploads\/2020\/09\/presenteLaprida01.jpg?resize=720%2C960&#038;ssl=1\" alt=\"\" width=\"720\" height=\"960\" srcset=\"https:\/\/i0.wp.com\/cdnoticias.com\/wp-content\/uploads\/2020\/09\/presenteLaprida01.jpg?w=720&amp;ssl=1 720w, https:\/\/i0.wp.com\/cdnoticias.com\/wp-content\/uploads\/2020\/09\/presenteLaprida01.jpg?resize=225%2C300&amp;ssl=1 225w\" sizes=\"auto, (max-width: 720px) 100vw, 720px\" \/><\/p>\n<p>&nbsp;<\/p>\n<p><span style=\"color: #14171a;\"><span style=\"font-family: system-ui, apple-system, BlinkMacSystemFont, Segoe UI, Roboto, Ubuntu, Helvetica Neue, sans-serif;\"><span style=\"font-size: medium;\">P<\/span><\/span><\/span><span style=\"color: #14171a;\"><span style=\"font-family: system-ui, apple-system, BlinkMacSystemFont, Segoe UI, Roboto, Ubuntu, Helvetica Neue, sans-serif;\"><span style=\"font-size: medium;\">or su parte, el intendente de Laprida se dirigi\u00f3 a Galli y destac\u00f3 <em>\u201csu buena predisposici\u00f3n, su amabilidad y la atenta colaboraci\u00f3n brindada a todas y todos los vecinos de nuestro distrito\u201d. <\/em><\/span><\/span><\/span><\/p>\n<p>&nbsp;<\/p>\n","protected":false},"excerpt":{"rendered":"<p>&nbsp; El intendente Ezequiel Galli agradeci\u00f3 en redes sociales el presente recibido por parte de su par Pablo Torres por<\/p>\n","protected":false},"author":2,"featured_media":2291,"comment_status":"closed","ping_status":"closed","sticky":false,"template":"","format":"standard","meta":{"_jetpack_memberships_contains_paid_content":false,"footnotes":""},"categories":[5,1],"tags":[],"class_list":["post-2289","post","type-post","status-publish","format-standard","has-post-thumbnail","hentry","category-informacion-general","category-portada"],"jetpack_featured_media_url":"https:\/\/i0.wp.com\/cdnoticias.com\/wp-content\/uploads\/2020\/09\/presenteLaprida02.jpg?fit=720%2C960&ssl=1","jetpack_sharing_enabled":true,"_links":{"self":[{"href":"https:\/\/cdnoticias.com\/index.php\/wp-json\/wp\/v2\/posts\/2289","targetHints":{"allow":["GET"]}}],"collection":[{"href":"https:\/\/cdnoticias.com\/index.php\/wp-json\/wp\/v2\/posts"}],"about":[{"href":"https:\/\/cdnoticias.com\/index.php\/wp-json\/wp\/v2\/types\/post"}],"author":[{"embeddable":true,"href":"https:\/\/cdnoticias.com\/index.php\/wp-json\/wp\/v2\/users\/2"}],"replies":[{"embeddable":true,"href":"https:\/\/cdnoticias.com\/index.php\/wp-json\/wp\/v2\/comments?post=2289"}],"version-history":[{"count":0,"href":"https:\/\/cdnoticias.com\/index.php\/wp-json\/wp\/v2\/posts\/2289\/revisions"}],"wp:featuredmedia":[{"embeddable":true,"href":"https:\/\/cdnoticias.com\/index.php\/wp-json\/wp\/v2\/media\/2291"}],"wp:attachment":[{"href":"https:\/\/cdnoticias.com\/index.php\/wp-json\/wp\/v2\/media?parent=2289"}],"wp:term":[{"taxonomy":"category","embeddable":true,"href":"https:\/\/cdnoticias.com\/index.php\/wp-json\/wp\/v2\/categories?post=2289"},{"taxonomy":"post_tag","embeddable":true,"href":"https:\/\/cdnoticias.com\/index.php\/wp-json\/wp\/v2\/tags?post=2289"}],"curies":[{"name":"wp","href":"https:\/\/api.w.org\/{rel}","templated":true}]}}