{"id":22869,"date":"2021-06-01T09:08:56","date_gmt":"2021-06-01T12:08:56","guid":{"rendered":"http:\/\/www.centraldenoticias.com.ar\/?p=22869"},"modified":"2021-06-01T11:00:20","modified_gmt":"2021-06-01T14:00:20","slug":"fim-2021-olavarria-tendra-obras-por-1279-millones-de-pesos","status":"publish","type":"post","link":"https:\/\/cdnoticias.com\/index.php\/2021\/06\/01\/fim-2021-olavarria-tendra-obras-por-1279-millones-de-pesos\/","title":{"rendered":"FIM 2021: Olavarr\u00eda tendr\u00e1 obras por 127,9 millones de pesos"},"content":{"rendered":"<p>Pavimentaci\u00f3n y repavimentaci\u00f3n, mejoras en Loma Negra y Sierra Bayas, y en el Paseo de la Salud son las obras proyectadas.<!--more--><\/p>\n<hr \/>\n<p><strong>El gobernador Axel Kicillof y su gabinete lanzaron el Fondo de Infraestructura 2021<\/strong> <a href=\"https:\/\/cdnoticias.com\/index.php\/2021\/05\/31\/fondo-de-infraestructura-municipal-anuncian-199-nuevas-obras\/\" target=\"_blank\" rel=\"noopener\">con obras para m\u00e1s de 100 municipios y por un total de 8.800 millones de pesos<\/a> que se otorgar\u00e1n en funci\u00f3n del Coeficiente \u00danico de Distribuci\u00f3n (CUD).<\/p>\n<p>&nbsp;<\/p>\n<blockquote><p>Olavarr\u00eda estuvo incluida en ese lanzamiento: le corresponde una inversi\u00f3n de 127,9 millones de pesos.<\/p><\/blockquote>\n<p>&nbsp;<\/p>\n<p><strong>Las obras previstas ser\u00e1n de pavimentaci\u00f3n y repavimentaci\u00f3n en diferentes calles y avenidas de la ciudad<\/strong>, tal como se inform\u00f3 desde la Gobernaci\u00f3n.<\/p>\n<p>&nbsp;<\/p>\n<p>\u201cAlgunas de ellas comprenden<strong> la zona de actividades log\u00edsticas, la repavimentaci\u00f3n de varias bocacalles en la Nueva Villa Alfredo Fortabat, y la construcci\u00f3n de una bicisenda en el Parque Los Fresnos de la localidad de Sierra Bayas<\/strong>\u201d se detall\u00f3.<\/p>\n<p>&nbsp;<\/p>\n<p><img data-recalc-dims=\"1\" loading=\"lazy\" decoding=\"async\" class=\"size-large wp-image-22818\" src=\"https:\/\/i0.wp.com\/cdnoticias.com\/wp-content\/uploads\/2021\/05\/2021_05_31_AK_Videoconferencia-FIM_073.jpg?resize=800%2C534&#038;ssl=1\" alt=\"\" width=\"800\" height=\"534\" srcset=\"https:\/\/i0.wp.com\/cdnoticias.com\/wp-content\/uploads\/2021\/05\/2021_05_31_AK_Videoconferencia-FIM_073.jpg?resize=1024%2C683&amp;ssl=1 1024w, https:\/\/i0.wp.com\/cdnoticias.com\/wp-content\/uploads\/2021\/05\/2021_05_31_AK_Videoconferencia-FIM_073.jpg?resize=300%2C200&amp;ssl=1 300w, https:\/\/i0.wp.com\/cdnoticias.com\/wp-content\/uploads\/2021\/05\/2021_05_31_AK_Videoconferencia-FIM_073.jpg?resize=768%2C512&amp;ssl=1 768w, https:\/\/i0.wp.com\/cdnoticias.com\/wp-content\/uploads\/2021\/05\/2021_05_31_AK_Videoconferencia-FIM_073.jpg?resize=272%2C182&amp;ssl=1 272w, https:\/\/i0.wp.com\/cdnoticias.com\/wp-content\/uploads\/2021\/05\/2021_05_31_AK_Videoconferencia-FIM_073.jpg?w=1600&amp;ssl=1 1600w, https:\/\/i0.wp.com\/cdnoticias.com\/wp-content\/uploads\/2021\/05\/2021_05_31_AK_Videoconferencia-FIM_073.jpg?w=2400&amp;ssl=1 2400w\" sizes=\"auto, (max-width: 800px) 100vw, 800px\" \/><\/p>\n<p>A su vez, \u201c<strong>se renovar\u00e1 y pondr\u00e1 en valor el Paseo de la Salud<\/strong> donde se generar\u00e1 un espacio abierto que se integre con el entorno y que los vecinos puedan aprovechar como un lugar destinado a la salud. El proyecto contempla <em>el movimiento de suelos, formaci\u00f3n de muros de contenci\u00f3n de canteros y delimitaci\u00f3n del espacio, pisos y cordones de hormig\u00f3n, equipamiento urbano (bancos, papeleros), instalaci\u00f3n el\u00e9ctrica y colocaci\u00f3n de farolas, toldos, pintura y paisajismo<\/em>\u201d.<\/p>\n<p>&nbsp;<\/p>\n<p>Kicillof y el ministro de Infraestructura y Servicios P\u00fablicos, Agust\u00edn Simone, presentaron estas obras que definieron como <strong>\u201cun plan hist\u00f3rico de infraestructura para la Provincia\u201d<\/strong>, adem\u00e1s de se\u00f1alar que \u201cresultan de r\u00e1pida ejecuci\u00f3n y demandar\u00e1n trabajo local en cada uno de los municipios\u201d.<\/p>\n<p>&nbsp;<\/p>\n<p>\u201cA tres meses de la puesta en marcha del programa, <strong>hoy contamos con las obras aprobadas y ya hemos realizado los adelantos financieros necesarios<\/strong> para que sean r\u00e1pidamente ejecutadas\u201d, detall\u00f3 el gobernador.<\/p>\n<p>&nbsp;<\/p>\n<p>En esta ocasi\u00f3n, la asistencia financiera beneficiar\u00e1 a los vecinos y las vecinas de Adolfo Alsina, Adolfo Gonzales Chaves, Alberti, Almirante Brown, Arrecifes, Avellaneda, Ayacucho, <strong>Azul<\/strong>, Bah\u00eda Blanca, Balcarce, Baradero, <strong>Benito Ju\u00e1rez<\/strong>, Berazategui, Berisso, Bragado, Campana, Capit\u00e1n Sarmiento, Carlos Casares, Carlos Tejedor, Carmen de Areco, Chivilcoy, Coronel Dorrego, Coronel Pringles, Coronel Su\u00e1rez, Col\u00f3n, <strong>Daireaux<\/strong>, Dolores, Ensenada, Escobar, Esteban Echeverr\u00eda, Ezeiza, Florencio Varela, Florentino Ameghino, General Alvarado, <strong>General Alvear<\/strong>, General Arenales, General Belgrano, General Guido, <strong>General La Madrid<\/strong>, General Lavalle, General Madariaga, General Paz, General Pinto, General Pueyrredon, General Rodr\u00edguez, General San Mart\u00edn, General Viamonte, Hip\u00f3lito Yrigoyen, Hurlingham, Ituzaing\u00f3, Jos\u00e9 C. Paz, La Matanza, La Plata, Lan\u00fas, Lezama, Lincoln, Lober\u00eda, Lobos, Lomas de Zamora, Luj\u00e1n, Magdalena, Malvinas Argentinas, Mar Chiquita, Marcos Paz, Mercedes, Merlo, Monte, Monte Hermoso, Moreno, Mor\u00f3n, Navarro, Necochea, Nueve de Julio, <strong>Olavarr\u00eda<\/strong>, Patagones, Pehuaj\u00f3, Pellegrini, Pergamino, Pila, Pilar, Pinamar, Puan, Punta Indio, Quilmes, Ramallo, Rivadavia, <strong>Roque P\u00e9rez<\/strong>, Saavedra, Salto, San Antonio de Areco, San Fernando, San Isidro, San Miguel, San Nicol\u00e1s, San Pedro, San Vicente, Suipacha, <strong>Tapalqu\u00e9<\/strong>, Tordillo, Tornquist, Trenque Lauquen, Tres Arroyos, Tres de Febrero, Tres Lomas, <strong>25 de Mayo<\/strong>, Vicente L\u00f3pez y Villa Gesell.<\/p>\n","protected":false},"excerpt":{"rendered":"<p>Pavimentaci\u00f3n y repavimentaci\u00f3n, mejoras en Loma Negra y Sierra Bayas, y en el Paseo de la Salud son las obras<\/p>\n","protected":false},"author":4,"featured_media":22816,"comment_status":"closed","ping_status":"closed","sticky":false,"template":"","format":"standard","meta":{"_jetpack_memberships_contains_paid_content":false,"footnotes":""},"categories":[5,1],"tags":[],"class_list":["post-22869","post","type-post","status-publish","format-standard","has-post-thumbnail","hentry","category-informacion-general","category-portada"],"jetpack_featured_media_url":"https:\/\/i0.wp.com\/cdnoticias.com\/wp-content\/uploads\/2021\/05\/2021_05_31_AK_Videoconferencia-FIM_031.jpg?fit=5316%2C3544&ssl=1","jetpack_sharing_enabled":true,"_links":{"self":[{"href":"https:\/\/cdnoticias.com\/index.php\/wp-json\/wp\/v2\/posts\/22869","targetHints":{"allow":["GET"]}}],"collection":[{"href":"https:\/\/cdnoticias.com\/index.php\/wp-json\/wp\/v2\/posts"}],"about":[{"href":"https:\/\/cdnoticias.com\/index.php\/wp-json\/wp\/v2\/types\/post"}],"author":[{"embeddable":true,"href":"https:\/\/cdnoticias.com\/index.php\/wp-json\/wp\/v2\/users\/4"}],"replies":[{"embeddable":true,"href":"https:\/\/cdnoticias.com\/index.php\/wp-json\/wp\/v2\/comments?post=22869"}],"version-history":[{"count":0,"href":"https:\/\/cdnoticias.com\/index.php\/wp-json\/wp\/v2\/posts\/22869\/revisions"}],"wp:featuredmedia":[{"embeddable":true,"href":"https:\/\/cdnoticias.com\/index.php\/wp-json\/wp\/v2\/media\/22816"}],"wp:attachment":[{"href":"https:\/\/cdnoticias.com\/index.php\/wp-json\/wp\/v2\/media?parent=22869"}],"wp:term":[{"taxonomy":"category","embeddable":true,"href":"https:\/\/cdnoticias.com\/index.php\/wp-json\/wp\/v2\/categories?post=22869"},{"taxonomy":"post_tag","embeddable":true,"href":"https:\/\/cdnoticias.com\/index.php\/wp-json\/wp\/v2\/tags?post=22869"}],"curies":[{"name":"wp","href":"https:\/\/api.w.org\/{rel}","templated":true}]}}