{"id":22856,"date":"2021-05-31T20:58:39","date_gmt":"2021-05-31T23:58:39","guid":{"rendered":"http:\/\/www.centraldenoticias.com.ar\/?p=22856"},"modified":"2021-06-01T08:32:53","modified_gmt":"2021-06-01T11:32:53","slug":"ahora-levantan-los-cortes-tras-un-acuerdo-con-el-gobierno-nacional","status":"publish","type":"post","link":"https:\/\/cdnoticias.com\/index.php\/2021\/05\/31\/ahora-levantan-los-cortes-tras-un-acuerdo-con-el-gobierno-nacional\/","title":{"rendered":"Ahora: Levantan los cortes tras un acuerdo con el gobierno nacional"},"content":{"rendered":"<p>As\u00ed fue narrado a Central de Noticias por referentes de la Corriente Nacional 1\u00b0 de Mayo. Se liberan las rutas de Olavarr\u00eda, Azul, Tandil y Mar del Plata.<!--more--><\/p>\n<hr \/>\n<p>En la noche de este lunes referentes de las agrupaciones que llevan adelante los cortes de ruta no solo en Olavarr\u00eda, sino tambi\u00e9n en Azul, Tandil y Mar del Plata revelaron a este portal que <strong>se lleg\u00f3 a un acuerdo con el gobierno nacional y se levantan las protestas sobre las Rutas Nacional 3 y 226.<\/strong><\/p>\n<p>&nbsp;<\/p>\n<p>En el inicio de la jornada, tal como se narr\u00f3 en este portal, <a href=\"https:\/\/cdnoticias.com\/index.php\/2021\/05\/31\/sigue-la-protesta-en-la-ruta-226-y-se-sumaran-nuevos-cortes-a-la-altura-de-tandil\/\" target=\"_blank\" rel=\"noopener\">se hab\u00eda amenazado con incrementar el n\u00famero de cortes, con la posibilidad inclusive de realizar una protesta sobre la colectora de la Ruta Nacional 3, en el tramo que se une con la Ruta Nacional 226<\/a>.<\/p>\n<p>&nbsp;<\/p>\n<p>Sin embargo, en la noche de este lunes Griselda Altamirano, referente de la Corriente Nacional 1\u00b0 de Mayo narr\u00f3 a <em><strong>Central de Noticias<\/strong><\/em> que <strong>\u201cacabamos de acordar una mesa de trabajo con el gobierno nacional\u201d<\/strong>, por lo que se inici\u00f3 el proceso para liberar las rutas.<\/p>\n<p>&nbsp;<\/p>\n<p><img data-recalc-dims=\"1\" loading=\"lazy\" decoding=\"async\" class=\"alignnone size-large wp-image-22439\" src=\"https:\/\/i0.wp.com\/cdnoticias.com\/wp-content\/uploads\/2021\/05\/WhatsApp-Image-2021-05-26-at-17.55.13.jpeg?resize=800%2C450&#038;ssl=1\" alt=\"\" width=\"800\" height=\"450\" srcset=\"https:\/\/i0.wp.com\/cdnoticias.com\/wp-content\/uploads\/2021\/05\/WhatsApp-Image-2021-05-26-at-17.55.13.jpeg?resize=1024%2C576&amp;ssl=1 1024w, https:\/\/i0.wp.com\/cdnoticias.com\/wp-content\/uploads\/2021\/05\/WhatsApp-Image-2021-05-26-at-17.55.13.jpeg?resize=300%2C169&amp;ssl=1 300w, https:\/\/i0.wp.com\/cdnoticias.com\/wp-content\/uploads\/2021\/05\/WhatsApp-Image-2021-05-26-at-17.55.13.jpeg?resize=768%2C432&amp;ssl=1 768w, https:\/\/i0.wp.com\/cdnoticias.com\/wp-content\/uploads\/2021\/05\/WhatsApp-Image-2021-05-26-at-17.55.13.jpeg?w=1280&amp;ssl=1 1280w\" sizes=\"auto, (max-width: 800px) 100vw, 800px\" \/><\/p>\n<p>&nbsp;<\/p>\n<p>A\u00f1adi\u00f3 que <strong>en las pr\u00f3ximas horas se deber\u00e1 pautar tanto el lugar como la fecha de la mesa de trabajo, definir puntualmente si se realiza en alguna de las ciudades de la regi\u00f3n o referentes de las agrupaciones viajan a la Capital Federal<\/strong>. Luego, seg\u00fan se agreg\u00f3, estar\u00e1n funcionarios de las \u00e1reas de Desarrollo Social, Econom\u00eda Social y Trabajo.<\/p>\n<p>&nbsp;<\/p>\n<p><strong>\u201cEst\u00e1 la vocaci\u00f3n que los proyectos productivos tengan sus herramientas, sus insumos\u201d<\/strong>, concluy\u00f3 Altamirano, quien revel\u00f3 que, adem\u00e1s de las protestas, tambi\u00e9n habr\u00eda resultado clave para destrabar el conflicto las gestiones y comunicaciones realizadas por <a href=\"https:\/\/cdnoticias.com\/index.php\/2021\/05\/28\/carlos-perro-santillan-no-se-conseguira-si-no-es-con-lucha\/\" target=\"_blank\" rel=\"noopener\">Carlos \u201cEl Perro\u201d Santill\u00e1n<\/a>, referente de la Corriente 1\u00ba de Mayo, a funcionarios y autoridades nacionales.<\/p>\n","protected":false},"excerpt":{"rendered":"<p>As\u00ed fue narrado a Central de Noticias por referentes de la Corriente Nacional 1\u00b0 de Mayo. Se liberan las rutas<\/p>\n","protected":false},"author":3,"featured_media":22857,"comment_status":"closed","ping_status":"closed","sticky":false,"template":"","format":"standard","meta":{"_jetpack_memberships_contains_paid_content":false,"footnotes":""},"categories":[5,1],"tags":[],"class_list":["post-22856","post","type-post","status-publish","format-standard","has-post-thumbnail","hentry","category-informacion-general","category-portada"],"jetpack_featured_media_url":"https:\/\/i0.wp.com\/cdnoticias.com\/wp-content\/uploads\/2021\/05\/corte.jpg?fit=800%2C445&ssl=1","jetpack_sharing_enabled":true,"_links":{"self":[{"href":"https:\/\/cdnoticias.com\/index.php\/wp-json\/wp\/v2\/posts\/22856","targetHints":{"allow":["GET"]}}],"collection":[{"href":"https:\/\/cdnoticias.com\/index.php\/wp-json\/wp\/v2\/posts"}],"about":[{"href":"https:\/\/cdnoticias.com\/index.php\/wp-json\/wp\/v2\/types\/post"}],"author":[{"embeddable":true,"href":"https:\/\/cdnoticias.com\/index.php\/wp-json\/wp\/v2\/users\/3"}],"replies":[{"embeddable":true,"href":"https:\/\/cdnoticias.com\/index.php\/wp-json\/wp\/v2\/comments?post=22856"}],"version-history":[{"count":0,"href":"https:\/\/cdnoticias.com\/index.php\/wp-json\/wp\/v2\/posts\/22856\/revisions"}],"wp:featuredmedia":[{"embeddable":true,"href":"https:\/\/cdnoticias.com\/index.php\/wp-json\/wp\/v2\/media\/22857"}],"wp:attachment":[{"href":"https:\/\/cdnoticias.com\/index.php\/wp-json\/wp\/v2\/media?parent=22856"}],"wp:term":[{"taxonomy":"category","embeddable":true,"href":"https:\/\/cdnoticias.com\/index.php\/wp-json\/wp\/v2\/categories?post=22856"},{"taxonomy":"post_tag","embeddable":true,"href":"https:\/\/cdnoticias.com\/index.php\/wp-json\/wp\/v2\/tags?post=22856"}],"curies":[{"name":"wp","href":"https:\/\/api.w.org\/{rel}","templated":true}]}}