{"id":22850,"date":"2021-05-31T20:15:18","date_gmt":"2021-05-31T23:15:18","guid":{"rendered":"http:\/\/www.centraldenoticias.com.ar\/?p=22850"},"modified":"2021-05-31T20:22:36","modified_gmt":"2021-05-31T23:22:36","slug":"ramiro-borzi-proyectamos-un-junio-donde-se-va-a-acelerar-aun-mas-la-vacunacion","status":"publish","type":"post","link":"https:\/\/cdnoticias.com\/index.php\/2021\/05\/31\/ramiro-borzi-proyectamos-un-junio-donde-se-va-a-acelerar-aun-mas-la-vacunacion\/","title":{"rendered":"Ramiro Borzi: \u201cProyectamos un junio donde se va a acelerar a\u00fan m\u00e1s la vacunaci\u00f3n\u201d"},"content":{"rendered":"<p>El Director de Regi\u00f3n Sanitaria dialog\u00f3 con el programa Ya Fue de Radio Sapiens y brind\u00f3 precisiones sobre la campa\u00f1a de vacunaci\u00f3n. Cerca de 55 mil olavarrienses ya est\u00e1n anotados.<!--more--><\/p>\n<hr \/>\n<p><strong>\u201cSe empieza a expandir y cuidar a la comunidad en general\u201d<\/strong> enfatiz\u00f3 Ramiro Borzi, director de Regi\u00f3n Sanitaria IX, con respecto al avance del Programa Provincial de Vacunaci\u00f3n en Olavarr\u00eda. Las consideraciones las brind\u00f3 <strong>en una entrevista con el programa Ya Fue de Radio Sapiens 102.7<\/strong>, en el que expres\u00f3 que<strong> \u201cnos genera mucha expectativa\u201d<\/strong> el avance de las aplicaciones durante las \u00faltimas semanas.<\/p>\n<p>&nbsp;<\/p>\n<p><img data-recalc-dims=\"1\" loading=\"lazy\" decoding=\"async\" class=\"alignnone size-large wp-image-10154\" src=\"https:\/\/i0.wp.com\/cdnoticias.com\/wp-content\/uploads\/2020\/12\/region-sanitaria-conferencia-covid1.jpg?resize=800%2C534&#038;ssl=1\" alt=\"\" width=\"800\" height=\"534\" srcset=\"https:\/\/i0.wp.com\/cdnoticias.com\/wp-content\/uploads\/2020\/12\/region-sanitaria-conferencia-covid1.jpg?resize=1024%2C683&amp;ssl=1 1024w, https:\/\/i0.wp.com\/cdnoticias.com\/wp-content\/uploads\/2020\/12\/region-sanitaria-conferencia-covid1.jpg?resize=300%2C200&amp;ssl=1 300w, https:\/\/i0.wp.com\/cdnoticias.com\/wp-content\/uploads\/2020\/12\/region-sanitaria-conferencia-covid1.jpg?resize=768%2C512&amp;ssl=1 768w, https:\/\/i0.wp.com\/cdnoticias.com\/wp-content\/uploads\/2020\/12\/region-sanitaria-conferencia-covid1.jpg?resize=272%2C182&amp;ssl=1 272w, https:\/\/i0.wp.com\/cdnoticias.com\/wp-content\/uploads\/2020\/12\/region-sanitaria-conferencia-covid1.jpg?w=1600&amp;ssl=1 1600w, https:\/\/i0.wp.com\/cdnoticias.com\/wp-content\/uploads\/2020\/12\/region-sanitaria-conferencia-covid1.jpg?w=2400&amp;ssl=1 2400w\" sizes=\"auto, (max-width: 800px) 100vw, 800px\" \/><\/p>\n<p>&nbsp;<\/p>\n<p>\u201cLa vacunaci\u00f3n en t\u00e9rminos \u00a0generales viene muy bien, se aceler\u00f3 mucho en los \u00faltimos 45 d\u00edas y proyectamos un junio donde se va a acelerar a\u00fan m\u00e1s\u201d, subray\u00f3. En ese marco revel\u00f3 que<strong> para la primera semana de junio est\u00e1n otorgados 5400 turnos, una cifra r\u00e9cord para nuestra ciudad.<\/strong><\/p>\n<p>&nbsp;<\/p>\n<p>A la par, revel\u00f3 que, seg\u00fan los registros de la ma\u00f1ana de este lunes, <strong>\u201ctenemos 54657 personas inscriptas a la vacunaci\u00f3n\u201d<\/strong>. En el di\u00e1logo con Melisa Mc Donald y su equipo agreg\u00f3 que ya hay m\u00e1s de 28 mil olavarrienses vacunados. \u201cEs un buen n\u00famero\u201d, ponder\u00f3.<\/p>\n<p>&nbsp;<\/p>\n<p><img data-recalc-dims=\"1\" loading=\"lazy\" decoding=\"async\" class=\"alignnone size-full wp-image-20671\" src=\"https:\/\/i0.wp.com\/cdnoticias.com\/wp-content\/uploads\/2021\/05\/WhatsApp-Image-2021-05-04-at-19.48.02.jpeg?resize=800%2C530&#038;ssl=1\" alt=\"\" width=\"800\" height=\"530\" srcset=\"https:\/\/i0.wp.com\/cdnoticias.com\/wp-content\/uploads\/2021\/05\/WhatsApp-Image-2021-05-04-at-19.48.02.jpeg?w=960&amp;ssl=1 960w, https:\/\/i0.wp.com\/cdnoticias.com\/wp-content\/uploads\/2021\/05\/WhatsApp-Image-2021-05-04-at-19.48.02.jpeg?resize=300%2C199&amp;ssl=1 300w, https:\/\/i0.wp.com\/cdnoticias.com\/wp-content\/uploads\/2021\/05\/WhatsApp-Image-2021-05-04-at-19.48.02.jpeg?resize=768%2C509&amp;ssl=1 768w\" sizes=\"auto, (max-width: 800px) 100vw, 800px\" \/><\/p>\n<p>&nbsp;<\/p>\n<p>Por otra parte, celebr\u00f3 que el programa de vacunaci\u00f3n ya est\u00e9 avanzando sobre otras poblaciones de riesgo, como lo son en la actualidad personas de entre 50 y 59 a\u00f1os, con la expectativa de en los pr\u00f3ximos d\u00edas poder hacerlo con aquellos menores de 50 a\u00f1os, siempre trat\u00e1ndose de personas con factores de riesgo ante un posible contagio. <strong>\u201cEstamos cuidando a aquellos que podr\u00edan verse m\u00e1s afectados\u201d<\/strong>, explic\u00f3.<\/p>\n<p>&nbsp;<\/p>\n<p>Por \u00faltimo, vale mencionar que <strong>este lunes fueron vacunadas cerca de 800 personas en Olavarr\u00eda<\/strong>. Seg\u00fan se precis\u00f3, fueron inoculadas 223 personas en el Servicio Territorial 2, 205 en Hospital de Oncolog\u00eda, 191 en la Mutual Carlos Alberto Moreno y 165 en la Facultad de Ciencias de la Salud. <strong>A todas se les aplicaron primeras dosis.<\/strong><\/p>\n<p>&nbsp;<\/p>\n","protected":false},"excerpt":{"rendered":"<p>El Director de Regi\u00f3n Sanitaria dialog\u00f3 con el programa Ya Fue de Radio Sapiens y brind\u00f3 precisiones sobre la campa\u00f1a<\/p>\n","protected":false},"author":3,"featured_media":20619,"comment_status":"closed","ping_status":"closed","sticky":false,"template":"","format":"standard","meta":{"_jetpack_memberships_contains_paid_content":false,"footnotes":""},"categories":[16,1],"tags":[],"class_list":["post-22850","post","type-post","status-publish","format-standard","has-post-thumbnail","hentry","category-covid-19","category-portada"],"jetpack_featured_media_url":"https:\/\/i0.wp.com\/cdnoticias.com\/wp-content\/uploads\/2021\/05\/vacuna-facultad-salud-01.jpg?fit=800%2C445&ssl=1","jetpack_sharing_enabled":true,"_links":{"self":[{"href":"https:\/\/cdnoticias.com\/index.php\/wp-json\/wp\/v2\/posts\/22850","targetHints":{"allow":["GET"]}}],"collection":[{"href":"https:\/\/cdnoticias.com\/index.php\/wp-json\/wp\/v2\/posts"}],"about":[{"href":"https:\/\/cdnoticias.com\/index.php\/wp-json\/wp\/v2\/types\/post"}],"author":[{"embeddable":true,"href":"https:\/\/cdnoticias.com\/index.php\/wp-json\/wp\/v2\/users\/3"}],"replies":[{"embeddable":true,"href":"https:\/\/cdnoticias.com\/index.php\/wp-json\/wp\/v2\/comments?post=22850"}],"version-history":[{"count":0,"href":"https:\/\/cdnoticias.com\/index.php\/wp-json\/wp\/v2\/posts\/22850\/revisions"}],"wp:featuredmedia":[{"embeddable":true,"href":"https:\/\/cdnoticias.com\/index.php\/wp-json\/wp\/v2\/media\/20619"}],"wp:attachment":[{"href":"https:\/\/cdnoticias.com\/index.php\/wp-json\/wp\/v2\/media?parent=22850"}],"wp:term":[{"taxonomy":"category","embeddable":true,"href":"https:\/\/cdnoticias.com\/index.php\/wp-json\/wp\/v2\/categories?post=22850"},{"taxonomy":"post_tag","embeddable":true,"href":"https:\/\/cdnoticias.com\/index.php\/wp-json\/wp\/v2\/tags?post=22850"}],"curies":[{"name":"wp","href":"https:\/\/api.w.org\/{rel}","templated":true}]}}