{"id":2285,"date":"2020-09-23T16:41:57","date_gmt":"2020-09-23T19:41:57","guid":{"rendered":"http:\/\/www.centraldenoticias.com.ar\/?p=2285"},"modified":"2020-09-23T16:41:57","modified_gmt":"2020-09-23T19:41:57","slug":"ignacia-luisa-dos-santos-de-roselli-q-e-p-d","status":"publish","type":"post","link":"https:\/\/cdnoticias.com\/index.php\/2020\/09\/23\/ignacia-luisa-dos-santos-de-roselli-q-e-p-d\/","title":{"rendered":"Ignacia Luisa Dos Santos de Roselli (Q.E.P.D.)"},"content":{"rendered":"<p><span style=\"color: #14171a;\"><span style=\"font-family: system-ui, apple-system, BlinkMacSystemFont, Segoe UI, Roboto, Ubuntu, Helvetica Neue, sans-serif;\"><span style=\"font-size: medium;\">Falleci\u00f3 en Olavarr\u00eda a los 79 a\u00f1os de edad. Su esposo Carlos Dante Roselli; sus hijos Omar, Daniel y Miriam; sus hijos pol\u00edticos Mar\u00eda Rosa, Silvina y Javier; sus nietos Maximiliano, Mar\u00eda Florencia, Mar\u00eda Victoria, Sebasti\u00e1n, Agustina, Camila y Avril, Felipe y Alma; sus hermanos Mar\u00eda, Antonio y Manuel Dos Santos; sus hermanos pol\u00edticos; su<\/span><\/span><\/span><span style=\"color: #14171a;\"><span style=\"font-family: system-ui, apple-system, BlinkMacSystemFont, Segoe UI, Roboto, Ubuntu, Helvetica Neue, sans-serif;\"><span style=\"font-size: medium;\">s <\/span><\/span><\/span><span style=\"color: #14171a;\"><span style=\"font-family: system-ui, apple-system, BlinkMacSystemFont, Segoe UI, Roboto, Ubuntu, Helvetica Neue, sans-serif;\"><span style=\"font-size: medium;\">sobrinos y dem\u00e1s deudos participan su fallecimiento. <\/span><\/span><\/span><\/p>\n<p>&nbsp;<\/p>\n<p><span style=\"color: #14171a;\"><span style=\"font-family: system-ui, apple-system, BlinkMacSystemFont, Segoe UI, Roboto, Ubuntu, Helvetica Neue, sans-serif;\"><span style=\"font-size: medium;\">Sus restos ser\u00e1n inhumados en el cementerio Loma de Paz, este jueves a las 10:30. Vecina de barrio Villa Floresta. Nacida en Olavarr\u00eda. Jubilada. <\/span><\/span><\/span><\/p>\n","protected":false},"excerpt":{"rendered":"<p>Falleci\u00f3 en Olavarr\u00eda a los 79 a\u00f1os de edad. Su esposo Carlos Dante Roselli; sus hijos Omar, Daniel y Miriam;<\/p>\n","protected":false},"author":2,"featured_media":0,"comment_status":"closed","ping_status":"closed","sticky":false,"template":"","format":"standard","meta":{"_jetpack_memberships_contains_paid_content":false,"footnotes":""},"categories":[10],"tags":[],"class_list":["post-2285","post","type-post","status-publish","format-standard","hentry","category-necrologicas"],"jetpack_featured_media_url":"","jetpack_sharing_enabled":true,"_links":{"self":[{"href":"https:\/\/cdnoticias.com\/index.php\/wp-json\/wp\/v2\/posts\/2285","targetHints":{"allow":["GET"]}}],"collection":[{"href":"https:\/\/cdnoticias.com\/index.php\/wp-json\/wp\/v2\/posts"}],"about":[{"href":"https:\/\/cdnoticias.com\/index.php\/wp-json\/wp\/v2\/types\/post"}],"author":[{"embeddable":true,"href":"https:\/\/cdnoticias.com\/index.php\/wp-json\/wp\/v2\/users\/2"}],"replies":[{"embeddable":true,"href":"https:\/\/cdnoticias.com\/index.php\/wp-json\/wp\/v2\/comments?post=2285"}],"version-history":[{"count":0,"href":"https:\/\/cdnoticias.com\/index.php\/wp-json\/wp\/v2\/posts\/2285\/revisions"}],"wp:attachment":[{"href":"https:\/\/cdnoticias.com\/index.php\/wp-json\/wp\/v2\/media?parent=2285"}],"wp:term":[{"taxonomy":"category","embeddable":true,"href":"https:\/\/cdnoticias.com\/index.php\/wp-json\/wp\/v2\/categories?post=2285"},{"taxonomy":"post_tag","embeddable":true,"href":"https:\/\/cdnoticias.com\/index.php\/wp-json\/wp\/v2\/tags?post=2285"}],"curies":[{"name":"wp","href":"https:\/\/api.w.org\/{rel}","templated":true}]}}