{"id":22847,"date":"2021-05-31T20:37:16","date_gmt":"2021-05-31T23:37:16","guid":{"rendered":"http:\/\/www.centraldenoticias.com.ar\/?p=22847"},"modified":"2021-06-01T07:42:01","modified_gmt":"2021-06-01T10:42:01","slug":"sigue-la-protesta-en-la-ruta-226-y-se-sumaran-nuevos-cortes-a-la-altura-de-tandil","status":"publish","type":"post","link":"https:\/\/cdnoticias.com\/index.php\/2021\/05\/31\/sigue-la-protesta-en-la-ruta-226-y-se-sumaran-nuevos-cortes-a-la-altura-de-tandil\/","title":{"rendered":"Sigue la protesta en la Ruta 226 y se sumar\u00e1n nuevos cortes a la altura de Tandil"},"content":{"rendered":"<p>\u201cEl desalojo es inminente\u201d, planteo Griselda Altamirano, referente de la Corriente Nacional 1\u00b0 de Mayo, en una entrevista con Radio Universidad. Las medidas se replican tambi\u00e9n en Azul y Mar del Plata.<!--more--><\/p>\n<hr \/>\n<p><strong>\u201cQuieren combatir a las organizaciones que garantizamos en el territorio que los compa\u00f1eros tengan un plan de comida\u201d<\/strong>, se quej\u00f3 Griselda Altamirano en una entrevista concedida a Radio Universidad FM 90.1 en la ma\u00f1ana de este lunes, en la que <strong>no s\u00f3lo ratific\u00f3 la continuidad de las protestas en las Rutas Nacionales 3 y 226, sino que adem\u00e1s anticip\u00f3 que con el correr de las pr\u00f3ximas horas se sumar\u00e1n nuevos cortes a la circulaci\u00f3n.<\/strong><\/p>\n<p>&nbsp;<\/p>\n<p><iframe id=\"audio_70739305\" style=\"width: 100%;\" src=\"https:\/\/www.ivoox.com\/player_ej_70739305_6_1.html\" height=\"200\" frameborder=\"0\" scrolling=\"no\" allowfullscreen=\"allowfullscreen\"><\/iframe><\/p>\n<p>&nbsp;<\/p>\n<p><a href=\"https:\/\/cdnoticias.com\/index.php\/2021\/05\/28\/cortes-de-ruta-el-tiempo-que-sea-necesario-vamos-a-seguir\/\" target=\"_blank\" rel=\"noopener\">Desde la jornada del pasado mi\u00e9rcoles que la circulaci\u00f3n sobre la Ruta Nacional 226<\/a>, a la altura de la rotonda con avenida Circunvalaci\u00f3n, se encuentra completamente cortada debido a una medida dispuesta desde la<strong> Corriente Nacional 1\u00b0 de Mayo, agrupaci\u00f3n que tiene como m\u00e1ximo referente a Carlos \u201cEl Perro\u201d Santill\u00e1n<\/strong>, <a href=\"https:\/\/cdnoticias.com\/index.php\/2021\/05\/28\/carlos-perro-santillan-no-se-conseguira-si-no-es-con-lucha\/\" target=\"_blank\" rel=\"noopener\">quien d\u00edas atr\u00e1s dialog\u00f3 con este portal<\/a> y le envi\u00f3 su apoyo a los manifestantes que se encuentran realizando protestas no s\u00f3lo en el partido de Olavarr\u00eda, sino tambi\u00e9n en Azul, Tandil y Mar del Plata.<\/p>\n<p>&nbsp;<\/p>\n<p><strong>\u201cProducci\u00f3n y Trabajo\u201d<\/strong>, son los estandartes del reclamo que vienen llevando adelante. Altamirano narr\u00f3 que previo a tomar las rutas entregaron un petitorio de 17 p\u00e1ginas, en el que se daba cuenta de <strong>\u201cproyectos productivos como alternativas a la asistencia, al plan social y clientelismo que est\u00e1n instalando las organizaciones alineadas al gobierno\u201d<\/strong>. D\u00edas m\u00e1s tarde, a mediados de mayo, realizaron una marcha en la que se dio un plazo de 10 d\u00edas para convocar una mesa de di\u00e1logo, instancia que nunca se concret\u00f3 y que dio fundamento a los cortes que a\u00fan persisten.<\/p>\n<p>&nbsp;<\/p>\n<div class=\"jetpack-video-wrapper\"><iframe loading=\"lazy\" width=\"800\" height=\"450\" src=\"https:\/\/www.youtube.com\/embed\/sEHJbNG0ABQ?feature=oembed\" frameborder=\"0\" allow=\"accelerometer; autoplay; clipboard-write; encrypted-media; gyroscope; picture-in-picture\" allowfullscreen><\/iframe><\/div>\n<p>&nbsp;<\/p>\n<p>Altamirano expres\u00f3 que desde que est\u00e1n en las rutas las gestiones y contacto no han sido los esperados. Narr\u00f3 que a pocos d\u00edas de haber iniciado con las protestas \u201ctuvimos una comunicaci\u00f3n, ni siquiera con gente de Naci\u00f3n, fue con gente del gabinete de Berni (Ministro de Seguridad de la Provincia de Buenos Aires) preocupados por la situaci\u00f3n que se daba en el tr\u00e1nsito\u201d. \u201cNaci\u00f3n se mantiene que no va a negociar el trabajo, ni los convenios ni con los programas\u201d, reproch\u00f3 a medida que daba cuenta <strong>\u201cmandan a negociar un funcionario de tercera l\u00ednea\u201d.<\/strong><\/p>\n<p>&nbsp;<\/p>\n<p><strong>\u201cEstamos planteando trabajo, recuperar el aparato productivo, las econom\u00edas regionales. No es un conflicto de recursos, es un conflicto pol\u00edtico, de clientelismo, de quitarnos independencia a las organizaciones\u201d<\/strong>, cuestion\u00f3 mientras consideraba que, ante la falta de gestos, \u201cel desalojo es inminente\u201d.<\/p>\n<p>&nbsp;<\/p>\n<p><img data-recalc-dims=\"1\" loading=\"lazy\" decoding=\"async\" class=\"alignnone size-large wp-image-22407\" src=\"https:\/\/i0.wp.com\/cdnoticias.com\/wp-content\/uploads\/2021\/05\/corte-ruta-226-cdn2.jpg?resize=800%2C450&#038;ssl=1\" alt=\"\" width=\"800\" height=\"450\" srcset=\"https:\/\/i0.wp.com\/cdnoticias.com\/wp-content\/uploads\/2021\/05\/corte-ruta-226-cdn2.jpg?resize=1024%2C576&amp;ssl=1 1024w, https:\/\/i0.wp.com\/cdnoticias.com\/wp-content\/uploads\/2021\/05\/corte-ruta-226-cdn2.jpg?resize=300%2C169&amp;ssl=1 300w, https:\/\/i0.wp.com\/cdnoticias.com\/wp-content\/uploads\/2021\/05\/corte-ruta-226-cdn2.jpg?resize=768%2C432&amp;ssl=1 768w, https:\/\/i0.wp.com\/cdnoticias.com\/wp-content\/uploads\/2021\/05\/corte-ruta-226-cdn2.jpg?w=1280&amp;ssl=1 1280w\" sizes=\"auto, (max-width: 800px) 100vw, 800px\" \/><\/p>\n<p>&nbsp;<\/p>\n<p>Consciente de esa situaci\u00f3n las organizaciones y manifestantes resolvieron incrementar la presencia en las rutas para poder arribar a una salida pol\u00edtica. <strong>En las pr\u00f3ximas horas van a sumar nuevos cortes sobre la Ruta Nacional 226 en el partido de Tandil, pero con la intenci\u00f3n de llegar inclusive a la colectora con la Ruta Nacional 3<\/strong>. \u201cQue nos desalojen el costo pol\u00edtico va a ser de ellos\u201d, enfatiz\u00f3.<\/p>\n<p>&nbsp;<\/p>\n<p>\u201cEsto es simple, convenios con el estado, viviendas, soluci\u00f3n habitacional para los compa\u00f1eros, herramientas de trabajo. Nosotros tenemos que salir de esta situacion de planes sociales clientelismo.<strong> Ellos nos siguen ofreciendo lo mismo de siempre, asistencia. No nos pueden seguir teniendo de rehenes de todo. Ya no. As\u00ed que a esperar el desalojo y a enfrentar. Llenaran las c\u00e1rceles de militantes como lo hac\u00eda Macri\u201d, finaliz\u00f3<\/strong>.<\/p>\n","protected":false},"excerpt":{"rendered":"<p>\u201cEl desalojo es inminente\u201d, planteo Griselda Altamirano, referente de la Corriente Nacional 1\u00b0 de Mayo, en una entrevista con Radio<\/p>\n","protected":false},"author":3,"featured_media":22440,"comment_status":"closed","ping_status":"closed","sticky":false,"template":"","format":"standard","meta":{"_jetpack_memberships_contains_paid_content":false,"footnotes":""},"categories":[5],"tags":[],"class_list":["post-22847","post","type-post","status-publish","format-standard","has-post-thumbnail","hentry","category-informacion-general"],"jetpack_featured_media_url":"https:\/\/i0.wp.com\/cdnoticias.com\/wp-content\/uploads\/2021\/05\/WhatsApp-Image-2021-05-26-at-17.55.14-e1622067152727.jpeg?fit=1029%2C570&ssl=1","jetpack_sharing_enabled":true,"_links":{"self":[{"href":"https:\/\/cdnoticias.com\/index.php\/wp-json\/wp\/v2\/posts\/22847","targetHints":{"allow":["GET"]}}],"collection":[{"href":"https:\/\/cdnoticias.com\/index.php\/wp-json\/wp\/v2\/posts"}],"about":[{"href":"https:\/\/cdnoticias.com\/index.php\/wp-json\/wp\/v2\/types\/post"}],"author":[{"embeddable":true,"href":"https:\/\/cdnoticias.com\/index.php\/wp-json\/wp\/v2\/users\/3"}],"replies":[{"embeddable":true,"href":"https:\/\/cdnoticias.com\/index.php\/wp-json\/wp\/v2\/comments?post=22847"}],"version-history":[{"count":0,"href":"https:\/\/cdnoticias.com\/index.php\/wp-json\/wp\/v2\/posts\/22847\/revisions"}],"wp:featuredmedia":[{"embeddable":true,"href":"https:\/\/cdnoticias.com\/index.php\/wp-json\/wp\/v2\/media\/22440"}],"wp:attachment":[{"href":"https:\/\/cdnoticias.com\/index.php\/wp-json\/wp\/v2\/media?parent=22847"}],"wp:term":[{"taxonomy":"category","embeddable":true,"href":"https:\/\/cdnoticias.com\/index.php\/wp-json\/wp\/v2\/categories?post=22847"},{"taxonomy":"post_tag","embeddable":true,"href":"https:\/\/cdnoticias.com\/index.php\/wp-json\/wp\/v2\/tags?post=22847"}],"curies":[{"name":"wp","href":"https:\/\/api.w.org\/{rel}","templated":true}]}}