{"id":22827,"date":"2021-05-31T15:43:06","date_gmt":"2021-05-31T18:43:06","guid":{"rendered":"http:\/\/www.centraldenoticias.com.ar\/?p=22827"},"modified":"2021-06-01T08:37:00","modified_gmt":"2021-06-01T11:37:00","slug":"rechazo-la-rendicion-de-cuentas-2020-rechazo-gastos-injustificados","status":"publish","type":"post","link":"https:\/\/cdnoticias.com\/index.php\/2021\/05\/31\/rechazo-la-rendicion-de-cuentas-2020-rechazo-gastos-injustificados\/","title":{"rendered":"\u201cRechazo la rendici\u00f3n de cuentas 2020, rechazo gastos injustificados\u201d"},"content":{"rendered":"<p>La concejal Celeste Arouxet (Radicales en Juntos por el Cambio) adelant\u00f3 su voto en negativo para el debate en el recinto.<!--more--><\/p>\n<hr \/>\n<p><strong>La concejal Celeste Arouxet fue la primera en adelantar su voto para la Rendici\u00f3n de Cuentas 2020<\/strong> <a href=\"https:\/\/cdnoticias.com\/index.php\/2021\/05\/31\/a-pesar-del-ano-extraordinario-atipico-y-dificil-pudo-cerrarse-con-superavit\/\" target=\"_blank\" rel=\"noopener\">despu\u00e9s del oficialismo<\/a>: <strong>expres\u00f3 su voto en contra<\/strong>.<\/p>\n<p>&nbsp;<\/p>\n<p>La representante de <strong>Radicales en Juntos por el Cambio<\/strong> present\u00f3 un detallado an\u00e1lisis de presupuesto y gastos por \u00e1rea. <strong>Hizo hincapi\u00e9 en la subejecuci\u00f3n presupuestaria de casi todas las dependencias<\/strong> para se\u00f1alar que se registr\u00f3 un \u201cahorro presupuestario de 287 millones y con ello se financi\u00f3 el d\u00e9ficit anterior\u201d cuestion\u00f3.<\/p>\n<p>&nbsp;<\/p>\n<p>Tambi\u00e9n<strong> se expres\u00f3 en contra de la incorporaci\u00f3n de personal<\/strong>, <a href=\"https:\/\/cdnoticias.com\/index.php\/2021\/05\/31\/ubaldo-garcia-un-brutal-ajuste-ha-ocurrido-en-olavarria\/\" target=\"_blank\" rel=\"noopener\">tal como hab\u00eda hecho Garc\u00eda (FdT)<\/a>, y <strong>apunt\u00f3 a los gastos del Concejo Deliberant<\/strong>e.<\/p>\n<p>&nbsp;<\/p>\n<blockquote><p>En ese marco afirm\u00f3 que \u201cno voy a acompa\u00f1ar esta rendici\u00f3n de cuentas porque no es ayudar al olavarriense\u201d.<\/p><\/blockquote>\n<p>&nbsp;<\/p>\n<p>As\u00ed<strong> volvi\u00f3 sobre la falta de aportes para las pymes y comercios locales por parte del Municipio<\/strong> y, a\u00f1adi\u00f3, \u201cayudar a la gente hubiera sido controlar el gasto en compras directas. <strong>Tenemos que tener una Lita de L\u00e1zzari en el Ejecutivo<\/strong>. Estamos en emergencia econ\u00f3mica para algunas cosas, para lo que nos conviene, para otras no\u201d defini\u00f3 para cuestionar en detalle las compras directas.<\/p>\n<p>&nbsp;<\/p>\n<p>Luego tambi\u00e9n apunt\u00f3 a que <strong>\u201cning\u00fan servicio p\u00fablico tiene auditor\u00eda\u201d<\/strong> y avanz\u00f3 con cr\u00edticas a la <strong>concesionaria del transporte p\u00fablico urbano y a Coopelectric<\/strong> por el servicio de agua a trav\u00e9s del cual mantuvo deuda con el Municipio durante 2020 y 2019. <em>\u201c\u00bfPor qu\u00e9 Coopelectric se mide con otra vara y le damos 97% de aumento? \u00bfQu\u00e9 tiene Coopelectric de distinto con un motomandado que no le damos el carnet de conducir por deuda?\u201d<\/em> lanz\u00f3 Celeste Arouxet.<\/p>\n<p>&nbsp;<\/p>\n<blockquote><p>\u201cRechazo la rendici\u00f3n de cuentas 2020, rechazo gastos injustificados\u201d sostuvo m\u00e1s adelante la contadora para asegurar que \u201cOlavarr\u00eda se est\u00e1 hundiendo econ\u00f3mica, financiera y socialmente\u201d.<\/p><\/blockquote>\n","protected":false},"excerpt":{"rendered":"<p>La concejal Celeste Arouxet (Radicales en Juntos por el Cambio) adelant\u00f3 su voto en negativo para el debate en el<\/p>\n","protected":false},"author":4,"featured_media":22822,"comment_status":"closed","ping_status":"closed","sticky":false,"template":"","format":"standard","meta":{"_jetpack_memberships_contains_paid_content":false,"footnotes":""},"categories":[4,1],"tags":[],"class_list":["post-22827","post","type-post","status-publish","format-standard","has-post-thumbnail","hentry","category-politica","category-portada"],"jetpack_featured_media_url":"https:\/\/i0.wp.com\/cdnoticias.com\/wp-content\/uploads\/2021\/05\/HCD-celeste.jpg?fit=874%2C486&ssl=1","jetpack_sharing_enabled":true,"_links":{"self":[{"href":"https:\/\/cdnoticias.com\/index.php\/wp-json\/wp\/v2\/posts\/22827","targetHints":{"allow":["GET"]}}],"collection":[{"href":"https:\/\/cdnoticias.com\/index.php\/wp-json\/wp\/v2\/posts"}],"about":[{"href":"https:\/\/cdnoticias.com\/index.php\/wp-json\/wp\/v2\/types\/post"}],"author":[{"embeddable":true,"href":"https:\/\/cdnoticias.com\/index.php\/wp-json\/wp\/v2\/users\/4"}],"replies":[{"embeddable":true,"href":"https:\/\/cdnoticias.com\/index.php\/wp-json\/wp\/v2\/comments?post=22827"}],"version-history":[{"count":0,"href":"https:\/\/cdnoticias.com\/index.php\/wp-json\/wp\/v2\/posts\/22827\/revisions"}],"wp:featuredmedia":[{"embeddable":true,"href":"https:\/\/cdnoticias.com\/index.php\/wp-json\/wp\/v2\/media\/22822"}],"wp:attachment":[{"href":"https:\/\/cdnoticias.com\/index.php\/wp-json\/wp\/v2\/media?parent=22827"}],"wp:term":[{"taxonomy":"category","embeddable":true,"href":"https:\/\/cdnoticias.com\/index.php\/wp-json\/wp\/v2\/categories?post=22827"},{"taxonomy":"post_tag","embeddable":true,"href":"https:\/\/cdnoticias.com\/index.php\/wp-json\/wp\/v2\/tags?post=22827"}],"curies":[{"name":"wp","href":"https:\/\/api.w.org\/{rel}","templated":true}]}}