{"id":22825,"date":"2021-05-31T15:11:16","date_gmt":"2021-05-31T18:11:16","guid":{"rendered":"http:\/\/www.centraldenoticias.com.ar\/?p=22825"},"modified":"2021-05-31T15:11:16","modified_gmt":"2021-05-31T18:11:16","slug":"interrupcion-en-el-servicio-electrico-en-la-manana-de-este-martes","status":"publish","type":"post","link":"https:\/\/cdnoticias.com\/index.php\/2021\/05\/31\/interrupcion-en-el-servicio-electrico-en-la-manana-de-este-martes\/","title":{"rendered":"Interrupci\u00f3n en el servicio el\u00e9ctrico en la ma\u00f1ana de este martes"},"content":{"rendered":"<p>Ser\u00e1 por tareas de mantenimiento y durante tres horas afectar\u00e1 uno de los extremos del barrio Luj\u00e1n.<!--more--><\/p>\n<hr \/>\n<p>En el inicio de la ma\u00f1ana de este martes y hasta horas del mediod\u00eda se ver\u00e1 afectado el suministro el\u00e9ctrico en un sector de la ciudad debido a<strong> labores de mantenimiento, programadas desde Coopelectric.<\/strong><\/p>\n<p>&nbsp;<\/p>\n<p>De acuerdo con lo que se detall\u00f3, ser\u00e1<strong> desde las 8 hasta las 11<\/strong> y ocasionar\u00e1 el corte de electricidad en la zona delimitada por las calles <strong>Celestino Mu\u00f1oz, San Mart\u00edn, Coronel Su\u00e1rez y avenida Pellegrini.<\/strong><\/p>\n","protected":false},"excerpt":{"rendered":"<p>Ser\u00e1 por tareas de mantenimiento y durante tres horas afectar\u00e1 uno de los extremos del barrio Luj\u00e1n.<\/p>\n","protected":false},"author":3,"featured_media":6841,"comment_status":"closed","ping_status":"closed","sticky":false,"template":"","format":"standard","meta":{"_jetpack_memberships_contains_paid_content":false,"footnotes":""},"categories":[5,1],"tags":[],"class_list":["post-22825","post","type-post","status-publish","format-standard","has-post-thumbnail","hentry","category-informacion-general","category-portada"],"jetpack_featured_media_url":"https:\/\/i0.wp.com\/cdnoticias.com\/wp-content\/uploads\/2020\/11\/01-Tareas-Alimentador-N%C2%B0-1.jpg?fit=1365%2C768&ssl=1","jetpack_sharing_enabled":true,"_links":{"self":[{"href":"https:\/\/cdnoticias.com\/index.php\/wp-json\/wp\/v2\/posts\/22825","targetHints":{"allow":["GET"]}}],"collection":[{"href":"https:\/\/cdnoticias.com\/index.php\/wp-json\/wp\/v2\/posts"}],"about":[{"href":"https:\/\/cdnoticias.com\/index.php\/wp-json\/wp\/v2\/types\/post"}],"author":[{"embeddable":true,"href":"https:\/\/cdnoticias.com\/index.php\/wp-json\/wp\/v2\/users\/3"}],"replies":[{"embeddable":true,"href":"https:\/\/cdnoticias.com\/index.php\/wp-json\/wp\/v2\/comments?post=22825"}],"version-history":[{"count":0,"href":"https:\/\/cdnoticias.com\/index.php\/wp-json\/wp\/v2\/posts\/22825\/revisions"}],"wp:featuredmedia":[{"embeddable":true,"href":"https:\/\/cdnoticias.com\/index.php\/wp-json\/wp\/v2\/media\/6841"}],"wp:attachment":[{"href":"https:\/\/cdnoticias.com\/index.php\/wp-json\/wp\/v2\/media?parent=22825"}],"wp:term":[{"taxonomy":"category","embeddable":true,"href":"https:\/\/cdnoticias.com\/index.php\/wp-json\/wp\/v2\/categories?post=22825"},{"taxonomy":"post_tag","embeddable":true,"href":"https:\/\/cdnoticias.com\/index.php\/wp-json\/wp\/v2\/tags?post=22825"}],"curies":[{"name":"wp","href":"https:\/\/api.w.org\/{rel}","templated":true}]}}