{"id":2281,"date":"2020-09-23T16:47:54","date_gmt":"2020-09-23T19:47:54","guid":{"rendered":"http:\/\/www.centraldenoticias.com.ar\/?p=2281"},"modified":"2020-09-23T19:13:51","modified_gmt":"2020-09-23T22:13:51","slug":"sin-los-puestos-en-los-accesos-como-seran-los-controles-sanitarios","status":"publish","type":"post","link":"https:\/\/cdnoticias.com\/index.php\/2020\/09\/23\/sin-los-puestos-en-los-accesos-como-seran-los-controles-sanitarios\/","title":{"rendered":"Sin los puestos en los accesos, c\u00f3mo ser\u00e1n los controles sanitarios"},"content":{"rendered":"<p>Central de Noticias dialog\u00f3 con el subsecretario de Seguridad, Daniel Borra, quien brind\u00f3 algunos detalles acerca de las tareas preventivas que se pondr\u00e1n en marcha desde este jueves.<\/p>\n<hr \/>\n<p>&nbsp;<\/p>\n<p>En la jornada del \u00faltimo martes, en el marco de la conferencia de prensa llevada a cabo en el Sal\u00f3n Rivadavia, el intendente Ezequiel Galli anunci\u00f3 el <a href=\"https:\/\/cdnoticias.com\/index.php\/2020\/09\/22\/galli-hemos-decidido-no-tener-mas-controles-de-acceso-a-la-ciudad\/\">retiro de los controles sanitarios dispuestos en los accesos de la ciudad<\/a>.<\/p>\n<p>&nbsp;<\/p>\n<p><img data-recalc-dims=\"1\" loading=\"lazy\" decoding=\"async\" class=\"alignnone size-full wp-image-2241\" src=\"https:\/\/i0.wp.com\/cdnoticias.com\/wp-content\/uploads\/2020\/09\/galliezequiel-control-IG2.jpg?resize=800%2C525&#038;ssl=1\" alt=\"\" width=\"800\" height=\"525\" srcset=\"https:\/\/i0.wp.com\/cdnoticias.com\/wp-content\/uploads\/2020\/09\/galliezequiel-control-IG2.jpg?w=885&amp;ssl=1 885w, https:\/\/i0.wp.com\/cdnoticias.com\/wp-content\/uploads\/2020\/09\/galliezequiel-control-IG2.jpg?resize=300%2C197&amp;ssl=1 300w, https:\/\/i0.wp.com\/cdnoticias.com\/wp-content\/uploads\/2020\/09\/galliezequiel-control-IG2.jpg?resize=768%2C504&amp;ssl=1 768w\" sizes=\"auto, (max-width: 800px) 100vw, 800px\" \/><\/p>\n<p>&nbsp;<\/p>\n<p>La medida sorprendi\u00f3 a propios y extra\u00f1os teniendo en cuenta el incremento de casos que se registr\u00f3 en los \u00faltimos d\u00edas. No obstante, <strong>el jefe comunal detall\u00f3 que la medida fue acordada con el Comit\u00e9 de Crisis teniendo en cuando diversos factores, entre ellos la optimizaci\u00f3n de recursos.<\/strong><\/p>\n<p>&nbsp;<\/p>\n<p>En ese mismo anuncio refiri\u00f3 que los controles que all\u00ed se hac\u00edan ahora ser\u00e1n <strong>focalizados en comercios, casas de comidas, gimnasios y empresas, lugares donde se certificar\u00e1 el cumplimiento de los respectivos protocolos y medidas de bioseguridad.<\/strong><\/p>\n<p>&nbsp;<\/p>\n<p><img data-recalc-dims=\"1\" loading=\"lazy\" decoding=\"async\" class=\"alignnone size-large wp-image-1435\" src=\"https:\/\/i0.wp.com\/cdnoticias.com\/wp-content\/uploads\/2020\/09\/WhatsApp-Image-2020-09-12-at-17.58.49.jpeg?resize=800%2C533&#038;ssl=1\" alt=\"\" width=\"800\" height=\"533\" srcset=\"https:\/\/i0.wp.com\/cdnoticias.com\/wp-content\/uploads\/2020\/09\/WhatsApp-Image-2020-09-12-at-17.58.49.jpeg?resize=1024%2C682&amp;ssl=1 1024w, https:\/\/i0.wp.com\/cdnoticias.com\/wp-content\/uploads\/2020\/09\/WhatsApp-Image-2020-09-12-at-17.58.49.jpeg?resize=300%2C200&amp;ssl=1 300w, https:\/\/i0.wp.com\/cdnoticias.com\/wp-content\/uploads\/2020\/09\/WhatsApp-Image-2020-09-12-at-17.58.49.jpeg?resize=768%2C512&amp;ssl=1 768w, https:\/\/i0.wp.com\/cdnoticias.com\/wp-content\/uploads\/2020\/09\/WhatsApp-Image-2020-09-12-at-17.58.49.jpeg?resize=272%2C182&amp;ssl=1 272w, https:\/\/i0.wp.com\/cdnoticias.com\/wp-content\/uploads\/2020\/09\/WhatsApp-Image-2020-09-12-at-17.58.49.jpeg?w=1280&amp;ssl=1 1280w\" sizes=\"auto, (max-width: 800px) 100vw, 800px\" \/><\/p>\n<p>&nbsp;<\/p>\n<p>Para conocer m\u00e1s precisiones al respecto <strong><em>Central de Noticias<\/em><\/strong> dialog\u00f3 con Daniel Borra, el subsecretario de Seguridad, quien relat\u00f3 que junto a su equipo de trabajo se encontraba ultimando detalles para la puesta en marcha de estos <strong>controles que ingresar\u00e1n en vigencia en las pr\u00f3ximas horas, m\u00e1s precisamente desde la jornada de este jueves.<\/strong><\/p>\n<p>&nbsp;<\/p>\n<p>El funcionario municipal detall\u00f3 que se conformaron <strong>\u201cc\u00e9lulas\u201d o \u201cpeque\u00f1os grupos de trabajo\u201d, integrados por dos o tres agentes<\/strong>, a quienes se les asignar\u00e1n lugares o individuos puntuales a monitorear en cuanto al cumplimiento de controles y medidas de seguridad.<\/p>\n<p>&nbsp;<\/p>\n<p><img data-recalc-dims=\"1\" loading=\"lazy\" decoding=\"async\" class=\"alignnone size-large wp-image-1436\" src=\"https:\/\/i0.wp.com\/cdnoticias.com\/wp-content\/uploads\/2020\/09\/WhatsApp-Image-2020-09-12-at-17.58.47.jpeg?resize=800%2C533&#038;ssl=1\" alt=\"\" width=\"800\" height=\"533\" srcset=\"https:\/\/i0.wp.com\/cdnoticias.com\/wp-content\/uploads\/2020\/09\/WhatsApp-Image-2020-09-12-at-17.58.47.jpeg?resize=1024%2C682&amp;ssl=1 1024w, https:\/\/i0.wp.com\/cdnoticias.com\/wp-content\/uploads\/2020\/09\/WhatsApp-Image-2020-09-12-at-17.58.47.jpeg?resize=300%2C200&amp;ssl=1 300w, https:\/\/i0.wp.com\/cdnoticias.com\/wp-content\/uploads\/2020\/09\/WhatsApp-Image-2020-09-12-at-17.58.47.jpeg?resize=768%2C512&amp;ssl=1 768w, https:\/\/i0.wp.com\/cdnoticias.com\/wp-content\/uploads\/2020\/09\/WhatsApp-Image-2020-09-12-at-17.58.47.jpeg?resize=272%2C182&amp;ssl=1 272w, https:\/\/i0.wp.com\/cdnoticias.com\/wp-content\/uploads\/2020\/09\/WhatsApp-Image-2020-09-12-at-17.58.47.jpeg?w=1280&amp;ssl=1 1280w\" sizes=\"auto, (max-width: 800px) 100vw, 800px\" \/><\/p>\n<p>&nbsp;<\/p>\n<p>Borra expres\u00f3 que se tratar\u00e1 de recorridas tanto de ma\u00f1ana como de tarde, ya que ser\u00e1n rotativos los horarios y sedes donde se efect\u00faen los controles. Enumer\u00f3 <strong>gimnasios, clubes, negocios, empresas y f\u00e1bricas y que inclusive durante los fines de semana se monitorear\u00e1 la actividad en bares y restaurantes. \u201cTodos los lugares que sean necesarios\u201d, sintetiz\u00f3 el funcionario.<\/strong><\/p>\n<p>&nbsp;<\/p>\n<p>Por \u00faltimo, expres\u00f3 que <strong>tambi\u00e9n ser\u00e1n parte de los controles personas que provengan de otros sitios para trabajar o hayan retornado a la ciudad.<\/strong> No obstante, concedi\u00f3 que todo estar\u00e1 sujeto a la disponibilidad de agentes, algo que se vio mermado a partir de los <a href=\"https:\/\/cdnoticias.com\/index.php\/2020\/09\/22\/trabajamos-como-podemos-con-lo-que-tenemos\/\">contagios de coronavirus en personal de seguridad<\/a>.<\/p>\n","protected":false},"excerpt":{"rendered":"<p>Central de Noticias dialog\u00f3 con el subsecretario de Seguridad, Daniel Borra, quien brind\u00f3 algunos detalles acerca de las tareas preventivas<\/p>\n","protected":false},"author":3,"featured_media":2218,"comment_status":"closed","ping_status":"closed","sticky":false,"template":"","format":"standard","meta":{"_jetpack_memberships_contains_paid_content":false,"footnotes":""},"categories":[5,1],"tags":[],"class_list":["post-2281","post","type-post","status-publish","format-standard","has-post-thumbnail","hentry","category-informacion-general","category-portada"],"jetpack_featured_media_url":"https:\/\/i0.wp.com\/cdnoticias.com\/wp-content\/uploads\/2020\/09\/controles1.jpeg?fit=1280%2C960&ssl=1","jetpack_sharing_enabled":true,"_links":{"self":[{"href":"https:\/\/cdnoticias.com\/index.php\/wp-json\/wp\/v2\/posts\/2281","targetHints":{"allow":["GET"]}}],"collection":[{"href":"https:\/\/cdnoticias.com\/index.php\/wp-json\/wp\/v2\/posts"}],"about":[{"href":"https:\/\/cdnoticias.com\/index.php\/wp-json\/wp\/v2\/types\/post"}],"author":[{"embeddable":true,"href":"https:\/\/cdnoticias.com\/index.php\/wp-json\/wp\/v2\/users\/3"}],"replies":[{"embeddable":true,"href":"https:\/\/cdnoticias.com\/index.php\/wp-json\/wp\/v2\/comments?post=2281"}],"version-history":[{"count":0,"href":"https:\/\/cdnoticias.com\/index.php\/wp-json\/wp\/v2\/posts\/2281\/revisions"}],"wp:featuredmedia":[{"embeddable":true,"href":"https:\/\/cdnoticias.com\/index.php\/wp-json\/wp\/v2\/media\/2218"}],"wp:attachment":[{"href":"https:\/\/cdnoticias.com\/index.php\/wp-json\/wp\/v2\/media?parent=2281"}],"wp:term":[{"taxonomy":"category","embeddable":true,"href":"https:\/\/cdnoticias.com\/index.php\/wp-json\/wp\/v2\/categories?post=2281"},{"taxonomy":"post_tag","embeddable":true,"href":"https:\/\/cdnoticias.com\/index.php\/wp-json\/wp\/v2\/tags?post=2281"}],"curies":[{"name":"wp","href":"https:\/\/api.w.org\/{rel}","templated":true}]}}