{"id":2280,"date":"2020-09-23T16:27:41","date_gmt":"2020-09-23T19:27:41","guid":{"rendered":"http:\/\/www.centraldenoticias.com.ar\/?p=2280"},"modified":"2020-09-23T16:27:41","modified_gmt":"2020-09-23T19:27:41","slug":"tandil-seguira-en-estadio-rojo-y-lunghi-se-acerca-a-la-provincia","status":"publish","type":"post","link":"https:\/\/cdnoticias.com\/index.php\/2020\/09\/23\/tandil-seguira-en-estadio-rojo-y-lunghi-se-acerca-a-la-provincia\/","title":{"rendered":"Tandil seguir\u00e1 en \u201cestadio rojo\u201d y Lunghi se acerca a la Provincia"},"content":{"rendered":"<p><span style=\"color: #14171a;\"><span style=\"font-family: system-ui, apple-system, BlinkMacSystemFont, Segoe UI, Roboto, Ubuntu, Helvetica Neue, sans-serif;\"><span style=\"font-size: medium;\">La vecina ciudad seguir\u00e1 en la fase m\u00e1s delicada una semana m\u00e1s, hasta el 30 de septiembre. El jefe comunal Miguel Lunghi cont\u00f3 la charla que mantuvo con el gobernador Kicillof y admiti\u00f3 que \u201cquedamos en que abr\u00edamos un periodo de transici\u00f3n con di\u00e1logo, buscando el consenso, tratando de compatibilizar el sistema de fases con nuestro sem\u00e1foro\u201d.<\/span><\/span><\/span><!--more--><\/p>\n<hr \/>\n<p><span style=\"color: #14171a;\"><span style=\"font-family: system-ui, apple-system, BlinkMacSystemFont, Segoe UI, Roboto, Ubuntu, Helvetica Neue, sans-serif;\"><span style=\"font-size: medium;\">Este mi\u00e9rcoles <strong>el Comit\u00e9 de Seguimiento del Covid-19 en Tandil determin\u00f3 que la vecina ciudad contin\u00fae en \u201cestadio rojo\u201d (o en Fase 3) al menos por una semana m\u00e1s<\/strong>, dada la delicada situaci\u00f3n que atraviesa el distrito bonaerense. <\/span><\/span><\/span><\/p>\n<p><span style=\"color: #14171a;\"><span style=\"font-family: system-ui, apple-system, BlinkMacSystemFont, Segoe UI, Roboto, Ubuntu, Helvetica Neue, sans-serif;\"><span style=\"font-size: medium;\">En otras palabras, <strong>todo continuar\u00e1 igual:<\/strong> el esquema de funcionamiento de servicios, actividades, rubros y horarios autorizados, continuar\u00e1 de la misma manera y modalidad que la de los \u00faltimos d\u00edas.<\/span><\/span><\/span><\/p>\n<p><span style=\"color: #14171a;\"><span style=\"font-family: system-ui, apple-system, BlinkMacSystemFont, Segoe UI, Roboto, Ubuntu, Helvetica Neue, sans-serif;\"><span style=\"font-size: medium;\">Las autoridades reiteraron que<strong> es \u201cprimordial\u201d mantener la reducci\u00f3n de la circulaci\u00f3n y la movilidad en la ciudad<\/strong>, por lo que recordaron que <em>\u201cla recomendaci\u00f3n fundamental es que la ciudadan\u00eda permanezca en sus domicilios y salga para lo estrictamente necesario y siempre respetando las medidas de prevenci\u00f3n\u201d.<\/em><\/span><\/span><\/span><\/p>\n<blockquote><p>\n<span style=\"color: #14171a;\"><span style=\"font-family: system-ui, apple-system, BlinkMacSystemFont, Segoe UI, Roboto, Ubuntu, Helvetica Neue, sans-serif;\"><span style=\"font-size: medium;\">Tal como sucede en Olavarr\u00eda, se hizo especial \u00e9nfasis en la prohibici\u00f3n de reuniones sociales, familiares o de cualquier tipo, por tratarse de los \u00e1mbitos \u201cdonde mayor porcentaje de contagios se producen\u201d.<\/span><\/span><\/span><\/p><\/blockquote>\n<p><span style=\"color: #14171a;\"><span style=\"font-family: system-ui, apple-system, BlinkMacSystemFont, Segoe UI, Roboto, Ubuntu, Helvetica Neue, sans-serif;\"><span style=\"font-size: medium;\">Mientras tanto, el inten<strong>dente Miguel Lunghi dio detalles del encuentro virtual que mantuvo con el gobernador Axel Kicillof<\/strong> y que acerc\u00f3 a las partes tras la \u201cseparaci\u00f3n\u201d de Tandil del sistema de fases y las diversas cr\u00edticas que devinieron por esa decisi\u00f3n. <em>\u201cQuedamos en que abr\u00edamos un periodo de transici\u00f3n con di\u00e1logo, buscando el consenso, tratando de compatibilizar el sistema de fases con nuestro sem\u00e1foro\u201d<\/em> dijo.<\/span><\/span><\/span><\/p>\n<p>&nbsp;<\/p>\n<p><img data-recalc-dims=\"1\" loading=\"lazy\" decoding=\"async\" class=\"alignnone size-full wp-image-2282\" src=\"https:\/\/i0.wp.com\/cdnoticias.com\/wp-content\/uploads\/2020\/09\/miguel-lunghi.jpg?resize=800%2C549&#038;ssl=1\" alt=\"\" width=\"800\" height=\"549\" srcset=\"https:\/\/i0.wp.com\/cdnoticias.com\/wp-content\/uploads\/2020\/09\/miguel-lunghi.jpg?w=823&amp;ssl=1 823w, https:\/\/i0.wp.com\/cdnoticias.com\/wp-content\/uploads\/2020\/09\/miguel-lunghi.jpg?resize=300%2C206&amp;ssl=1 300w, https:\/\/i0.wp.com\/cdnoticias.com\/wp-content\/uploads\/2020\/09\/miguel-lunghi.jpg?resize=768%2C527&amp;ssl=1 768w, https:\/\/i0.wp.com\/cdnoticias.com\/wp-content\/uploads\/2020\/09\/miguel-lunghi.jpg?resize=130%2C90&amp;ssl=1 130w\" sizes=\"auto, (max-width: 800px) 100vw, 800px\" \/><\/p>\n<p><span style=\"color: #14171a;\"><em>\u201c<\/em><span style=\"font-family: system-ui, apple-system, BlinkMacSystemFont, Segoe UI, Roboto, Ubuntu, Helvetica Neue, sans-serif;\"><span style=\"font-size: medium;\"><em>Coincidimos en que ninguno de los dos quer\u00eda tener problemas y que Tandil no pretend\u00eda independizarse ni ser separatista. Queremos trabajar con Provincia y le dije que estos tres a\u00f1os que me quedan me gustar\u00eda terminarlos de buena manera con \u00e9l\u201d<\/em>, indic\u00f3.<\/span><\/span><\/span><\/p>\n<p>&nbsp;<\/p>\n<p><em>Foto e informaci\u00f3n: El Eco de Tandil<\/em><\/p>\n","protected":false},"excerpt":{"rendered":"<p>La vecina ciudad seguir\u00e1 en la fase m\u00e1s delicada una semana m\u00e1s, hasta el 30 de septiembre. El jefe comunal<\/p>\n","protected":false},"author":2,"featured_media":2283,"comment_status":"closed","ping_status":"closed","sticky":false,"template":"","format":"standard","meta":{"_jetpack_memberships_contains_paid_content":false,"footnotes":""},"categories":[6,1],"tags":[],"class_list":["post-2280","post","type-post","status-publish","format-standard","has-post-thumbnail","hentry","category-nacionales","category-portada"],"jetpack_featured_media_url":"https:\/\/i0.wp.com\/cdnoticias.com\/wp-content\/uploads\/2020\/09\/tandil-centro.jpg?fit=829%2C567&ssl=1","jetpack_sharing_enabled":true,"_links":{"self":[{"href":"https:\/\/cdnoticias.com\/index.php\/wp-json\/wp\/v2\/posts\/2280","targetHints":{"allow":["GET"]}}],"collection":[{"href":"https:\/\/cdnoticias.com\/index.php\/wp-json\/wp\/v2\/posts"}],"about":[{"href":"https:\/\/cdnoticias.com\/index.php\/wp-json\/wp\/v2\/types\/post"}],"author":[{"embeddable":true,"href":"https:\/\/cdnoticias.com\/index.php\/wp-json\/wp\/v2\/users\/2"}],"replies":[{"embeddable":true,"href":"https:\/\/cdnoticias.com\/index.php\/wp-json\/wp\/v2\/comments?post=2280"}],"version-history":[{"count":0,"href":"https:\/\/cdnoticias.com\/index.php\/wp-json\/wp\/v2\/posts\/2280\/revisions"}],"wp:featuredmedia":[{"embeddable":true,"href":"https:\/\/cdnoticias.com\/index.php\/wp-json\/wp\/v2\/media\/2283"}],"wp:attachment":[{"href":"https:\/\/cdnoticias.com\/index.php\/wp-json\/wp\/v2\/media?parent=2280"}],"wp:term":[{"taxonomy":"category","embeddable":true,"href":"https:\/\/cdnoticias.com\/index.php\/wp-json\/wp\/v2\/categories?post=2280"},{"taxonomy":"post_tag","embeddable":true,"href":"https:\/\/cdnoticias.com\/index.php\/wp-json\/wp\/v2\/tags?post=2280"}],"curies":[{"name":"wp","href":"https:\/\/api.w.org\/{rel}","templated":true}]}}